{"id":2528,"date":"2024-01-11T06:07:12","date_gmt":"2024-01-11T05:07:12","guid":{"rendered":"https:\/\/neusestrada.com\/la-carta-de-un-verano-confuso-que-a-algunas-os-ayudo\/"},"modified":"2024-04-05T11:12:08","modified_gmt":"2024-04-05T10:12:08","slug":"la-carta-de-un-verano-confuso-que-a-algunas-os-ayudo","status":"publish","type":"post","link":"https:\/\/neusestrada.com\/es\/la-carta-de-un-verano-confuso-que-a-algunas-os-ayudo\/","title":{"rendered":"La carta de un verano confuso que a algunas os ayud\u00f3"},"content":{"rendered":"\n<figure class=\"wp-block-image aligncenter size-full\"><img fetchpriority=\"high\" decoding=\"async\" width=\"900\" height=\"333\" src=\"https:\/\/neusestrada.com\/wp-content\/uploads\/2024\/01\/book-nature1.jpg\" alt=\"Libro abierto en medio de la naturaleza\" class=\"wp-image-2254\" srcset=\"https:\/\/neusestrada.com\/wp-content\/uploads\/2024\/01\/book-nature1.jpg 900w, https:\/\/neusestrada.com\/wp-content\/uploads\/2024\/01\/book-nature1-300x111.jpg 300w, https:\/\/neusestrada.com\/wp-content\/uploads\/2024\/01\/book-nature1-768x284.jpg 768w\" sizes=\"(max-width: 900px) 100vw, 900px\" \/><\/figure>\n\n<div style=\"height:60px\" aria-hidden=\"true\" class=\"wp-block-spacer\"><\/div>\n\n<p>Mi verano ha sido confuso. No s\u00e9 si es algo que me ocurre de vez en cuando para hacer balance. Si es la vida&#8230; Pero este verano&#8230;   <\/p>\n\n<p><b>&#8230;la confusi\u00f3n se convirti\u00f3 en la sensaci\u00f3n reinante.<\/b><br\/>Como buena controladora y capricornio que soy, me resisto profundamente a la confusi\u00f3n. Y cuando digo profundamente, es profundamente. <\/p>\n\n<p>Cuanto m\u00e1s me resist\u00eda a la confusi\u00f3n, m\u00e1s se instalaba. Cuanto m\u00e1s me resist\u00eda, m\u00e1s grande se hac\u00eda. <\/p>\n\n<p>As\u00ed que le hice espacio. Un d\u00eda le dije:  <i>De acuerdo, est\u00e1s aqu\u00ed. Te doy la mano. <\/i><br\/><b>Algo se afloj\u00f3 solo al darle la bienvenida.<\/b><\/p>\n\n<p>Y supe que ven\u00eda de una etapa en la que ten\u00eda todas las respuestas. Y que ahora empezaba otra en la que solo ten\u00eda todas las preguntas. <\/p>\n\n<p>Era como estar en un paisaje de niebla. No ve\u00eda nada frente a m\u00ed. Eso es la confusi\u00f3n para m\u00ed. Un paisaje de niebla.   <br\/>A ratos, con lo que suced\u00eda dentro de m\u00ed, me desesperaba. Necesitaba aferrarme a alg\u00fan lugar seguro. Sent\u00eda que lo que eran mis anclajes hab\u00edan desaparecido. En mi manera de vivir ciertas cosas estaban cambiando.   <\/p>\n\n<p><b>En un momento de lucidez<\/b>, entre toda la confusi\u00f3n, me dije un par de frases que en estas situaciones me calman.<\/p>\n\n<p><i>Conf\u00eda. Detr\u00e1s de la niebla, siempre est\u00e1 el sol. <\/i><i><br\/><\/i><i>La vida te sostiene.<\/i><\/p>\n\n<p><b>Aqu\u00ed tambi\u00e9n algo se relaj\u00f3. <\/b><\/p>\n\n<p>Era como saber que este paisaje de confusi\u00f3n no ven\u00eda para quedarse para siempre. Simplemente estaba all\u00ed, esperando que yo encontrara nuevos puntos de referencia. <br\/>Y los he encontrado.<br\/>En m\u00ed, claro.<br\/>Otras palabras que me calman son:<\/p>\n\n<p><i>No est\u00e1s sola, est\u00e1s contigo. No estar\u00e1s mejor con nadie. <\/i><\/p>\n\n<p><b>De hecho, son las palabras que le canto a mi ni\u00f1a interior cuando necesita consuelo.<\/b> Y les aseguro que en este momento confuso, a ratos, lo necesitaba.<\/p>\n\n<p>Sab\u00eda que <b>era un consuelo que por m\u00e1s que lo buscara afuera me lo ten\u00eda que dar yo<\/b>. Necesitaba mecerme. <br\/>Y entre <i>palabras, balanceo y confianza<\/i> he ido encontrando nuevos puntos de referencia. Siguen aqu\u00ed las preguntas, pero ya hay nuevos anclajes. <\/p>\n\n<p>Sigo sin tener todas las respuestas. Pero ya he encontrado d\u00f3nde aferrarme. <\/p>\n\n<p>La verdad, no s\u00e9 muy bien por qu\u00e9 te cuento esto. Ven\u00eda a contarte otra cosa. Pero esto es lo que los dedos han recordado.  <\/p>\n\n<p><b>Quiz\u00e1s, si en alg\u00fan lugar de ti hay un trocito que siente la niebla presente. Que est\u00e1 buscando nuevos puntos de referencia. Que siente que el lugar seguro se ha esfumado un poco. Te puedo prestar las palabras que a m\u00ed me han hecho bien.   <\/b><\/p>\n\n<p>Cierra los ojos trata de decirte:<\/p>\n\n<p><i>De acuerdo, Confusi\u00f3n, est\u00e1s aqu\u00ed. Te doy la mano. <\/i><i><br\/><\/i><i><br\/><\/i><i>Conf\u00eda. Detr\u00e1s de la niebla, siempre est\u00e1 el sol. La vida te sostiene.  <\/i><i><br\/><\/i><i><br\/><\/i><i>No est\u00e1s sola, est\u00e1s contigo. No estar\u00e1s mejor con nadie. Siempre te tienes.  <\/i><\/p>\n\n<p><b>Que tengas un d\u00eda lleno de Paz.<\/b><\/p>\n\n<p>Un abrazo,<br\/><b><i>Neus<\/i><\/b><\/p>\n\n<p>P.D.: Y mientras la confusi\u00f3n bull\u00eda dentro de m\u00ed&#8230; Afuera ha sido un verano lleno de mar, de amaneceres, de salidas familiares, de ba\u00f1os que habr\u00eda hecho eternos, de sonrisas, de l\u00e1grimas, de besos, de dudas, de inquietud y de confianza. <br\/>Ahora, miro atr\u00e1s y siento que lo que me ha permitido poder vivir el verano un poco mejor, es detenerme, acoger y estar presente con lo que suced\u00eda dentro.<\/p>\n\n<p>Qui\u00e9n sabe. Quiz\u00e1s alguna frase de todo lo escrito te sirva. <\/p>\n","protected":false},"excerpt":{"rendered":"<p>Mi verano ha sido confuso. No s\u00e9 si es algo que a m\u00ed de vez en cuando me da por hacer balance. Si es la vida&#8230; Pero este verano&#8230;   <\/p>\n","protected":false},"author":1,"featured_media":2253,"comment_status":"closed","ping_status":"closed","sticky":false,"template":"","format":"standard","meta":{"footnotes":""},"categories":[9],"tags":[],"class_list":["post-2528","post","type-post","status-publish","format-standard","has-post-thumbnail","hentry","category-sin-categorizar"],"yoast_head":"<!-- This site is optimized with the Yoast SEO plugin v27.2 - https:\/\/yoast.com\/product\/yoast-seo-wordpress\/ -->\n<title>La carta de un verano confuso que a algunas os ayud\u00f3 - Neus Estrada<\/title>\n<meta name=\"robots\" content=\"index, follow, max-snippet:-1, max-image-preview:large, max-video-preview:-1\" \/>\n<link rel=\"canonical\" href=\"https:\/\/neusestrada.com\/es\/la-carta-de-un-verano-confuso-que-a-algunas-os-ayudo\/\" \/>\n<meta property=\"og:locale\" content=\"es_ES\" \/>\n<meta property=\"og:type\" content=\"article\" \/>\n<meta property=\"og:title\" content=\"La carta de un verano confuso que a algunas os ayud\u00f3 - Neus Estrada\" \/>\n<meta property=\"og:description\" content=\"Mi verano ha sido confuso. No s\u00e9 si es algo que a m\u00ed de vez en cuando me da por hacer balance. Si es la vida... Pero este verano...\" \/>\n<meta property=\"og:url\" content=\"https:\/\/neusestrada.com\/es\/la-carta-de-un-verano-confuso-que-a-algunas-os-ayudo\/\" \/>\n<meta property=\"og:site_name\" content=\"Neus Estrada\" \/>\n<meta property=\"article:published_time\" content=\"2024-01-11T05:07:12+00:00\" \/>\n<meta property=\"article:modified_time\" content=\"2024-04-05T10:12:08+00:00\" \/>\n<meta property=\"og:image\" content=\"https:\/\/neusestrada.com\/wp-content\/uploads\/2024\/01\/carta-blog1.jpg\" \/>\n\t<meta property=\"og:image:width\" content=\"1024\" \/>\n\t<meta property=\"og:image:height\" content=\"628\" \/>\n\t<meta property=\"og:image:type\" content=\"image\/jpeg\" \/>\n<meta name=\"author\" content=\"emserra@itserra.com\" \/>\n<meta name=\"twitter:card\" content=\"summary_large_image\" \/>\n<meta name=\"twitter:label1\" content=\"Escrito por\" \/>\n\t<meta name=\"twitter:data1\" content=\"emserra@itserra.com\" \/>\n\t<meta name=\"twitter:label2\" content=\"Tiempo de lectura\" \/>\n\t<meta name=\"twitter:data2\" content=\"3 minutos\" \/>\n<script type=\"application\/ld+json\" class=\"yoast-schema-graph\">{\"@context\":\"https:\/\/schema.org\",\"@graph\":[{\"@type\":\"Article\",\"@id\":\"https:\/\/neusestrada.com\/es\/la-carta-de-un-verano-confuso-que-a-algunas-os-ayudo\/#article\",\"isPartOf\":{\"@id\":\"https:\/\/neusestrada.com\/es\/la-carta-de-un-verano-confuso-que-a-algunas-os-ayudo\/\"},\"author\":{\"name\":\"emserra@itserra.com\",\"@id\":\"https:\/\/neusestrada.com\/es\/#\/schema\/person\/310032bca53ad8365930be501df7ca35\"},\"headline\":\"La carta de un verano confuso que a algunas os ayud\u00f3\",\"datePublished\":\"2024-01-11T05:07:12+00:00\",\"dateModified\":\"2024-04-05T10:12:08+00:00\",\"mainEntityOfPage\":{\"@id\":\"https:\/\/neusestrada.com\/es\/la-carta-de-un-verano-confuso-que-a-algunas-os-ayudo\/\"},\"wordCount\":621,\"publisher\":{\"@id\":\"https:\/\/neusestrada.com\/es\/#organization\"},\"image\":{\"@id\":\"https:\/\/neusestrada.com\/es\/la-carta-de-un-verano-confuso-que-a-algunas-os-ayudo\/#primaryimage\"},\"thumbnailUrl\":\"https:\/\/neusestrada.com\/wp-content\/uploads\/2024\/01\/carta-blog1.jpg\",\"articleSection\":[\"Sin categorizar\"],\"inLanguage\":\"es\"},{\"@type\":\"WebPage\",\"@id\":\"https:\/\/neusestrada.com\/es\/la-carta-de-un-verano-confuso-que-a-algunas-os-ayudo\/\",\"url\":\"https:\/\/neusestrada.com\/es\/la-carta-de-un-verano-confuso-que-a-algunas-os-ayudo\/\",\"name\":\"La carta de un verano confuso que a algunas os ayud\u00f3 - Neus Estrada\",\"isPartOf\":{\"@id\":\"https:\/\/neusestrada.com\/es\/#website\"},\"primaryImageOfPage\":{\"@id\":\"https:\/\/neusestrada.com\/es\/la-carta-de-un-verano-confuso-que-a-algunas-os-ayudo\/#primaryimage\"},\"image\":{\"@id\":\"https:\/\/neusestrada.com\/es\/la-carta-de-un-verano-confuso-que-a-algunas-os-ayudo\/#primaryimage\"},\"thumbnailUrl\":\"https:\/\/neusestrada.com\/wp-content\/uploads\/2024\/01\/carta-blog1.jpg\",\"datePublished\":\"2024-01-11T05:07:12+00:00\",\"dateModified\":\"2024-04-05T10:12:08+00:00\",\"breadcrumb\":{\"@id\":\"https:\/\/neusestrada.com\/es\/la-carta-de-un-verano-confuso-que-a-algunas-os-ayudo\/#breadcrumb\"},\"inLanguage\":\"es\",\"potentialAction\":[{\"@type\":\"ReadAction\",\"target\":[\"https:\/\/neusestrada.com\/es\/la-carta-de-un-verano-confuso-que-a-algunas-os-ayudo\/\"]}]},{\"@type\":\"ImageObject\",\"inLanguage\":\"es\",\"@id\":\"https:\/\/neusestrada.com\/es\/la-carta-de-un-verano-confuso-que-a-algunas-os-ayudo\/#primaryimage\",\"url\":\"https:\/\/neusestrada.com\/wp-content\/uploads\/2024\/01\/carta-blog1.jpg\",\"contentUrl\":\"https:\/\/neusestrada.com\/wp-content\/uploads\/2024\/01\/carta-blog1.jpg\",\"width\":1024,\"height\":628,\"caption\":\"Imagen de la autora escribiendo una carta\"},{\"@type\":\"BreadcrumbList\",\"@id\":\"https:\/\/neusestrada.com\/es\/la-carta-de-un-verano-confuso-que-a-algunas-os-ayudo\/#breadcrumb\",\"itemListElement\":[{\"@type\":\"ListItem\",\"position\":1,\"name\":\"Inici\",\"item\":\"https:\/\/neusestrada.com\/es\/home\/\"},{\"@type\":\"ListItem\",\"position\":2,\"name\":\"La carta de un verano confuso que a algunas os ayud\u00f3\"}]},{\"@type\":\"WebSite\",\"@id\":\"https:\/\/neusestrada.com\/es\/#website\",\"url\":\"https:\/\/neusestrada.com\/es\/\",\"name\":\"Neus Estrada\",\"description\":\"Psicologia en femen\u00ed\",\"publisher\":{\"@id\":\"https:\/\/neusestrada.com\/es\/#organization\"},\"potentialAction\":[{\"@type\":\"SearchAction\",\"target\":{\"@type\":\"EntryPoint\",\"urlTemplate\":\"https:\/\/neusestrada.com\/es\/?s={search_term_string}\"},\"query-input\":{\"@type\":\"PropertyValueSpecification\",\"valueRequired\":true,\"valueName\":\"search_term_string\"}}],\"inLanguage\":\"es\"},{\"@type\":\"Organization\",\"@id\":\"https:\/\/neusestrada.com\/es\/#organization\",\"name\":\"Neus Estrada\",\"url\":\"https:\/\/neusestrada.com\/es\/\",\"logo\":{\"@type\":\"ImageObject\",\"inLanguage\":\"es\",\"@id\":\"https:\/\/neusestrada.com\/es\/#\/schema\/logo\/image\/\",\"url\":\"https:\/\/neusestrada.com\/wp-content\/uploads\/2024\/01\/Logo.svg\",\"contentUrl\":\"https:\/\/neusestrada.com\/wp-content\/uploads\/2024\/01\/Logo.svg\",\"width\":140,\"height\":74,\"caption\":\"Neus Estrada\"},\"image\":{\"@id\":\"https:\/\/neusestrada.com\/es\/#\/schema\/logo\/image\/\"}},{\"@type\":\"Person\",\"@id\":\"https:\/\/neusestrada.com\/es\/#\/schema\/person\/310032bca53ad8365930be501df7ca35\",\"name\":\"emserra@itserra.com\",\"image\":{\"@type\":\"ImageObject\",\"inLanguage\":\"es\",\"@id\":\"https:\/\/secure.gravatar.com\/avatar\/d3aaa387b56d968aa49ad66b9c8a4a41593e2408160b58fb1b1c3735bbad52e6?s=96&d=mm&r=g\",\"url\":\"https:\/\/secure.gravatar.com\/avatar\/d3aaa387b56d968aa49ad66b9c8a4a41593e2408160b58fb1b1c3735bbad52e6?s=96&d=mm&r=g\",\"contentUrl\":\"https:\/\/secure.gravatar.com\/avatar\/d3aaa387b56d968aa49ad66b9c8a4a41593e2408160b58fb1b1c3735bbad52e6?s=96&d=mm&r=g\",\"caption\":\"emserra@itserra.com\"},\"sameAs\":[\"http:\/\/neusestrada.com\"],\"url\":\"https:\/\/neusestrada.com\/es\/author\/emserraitserra-com\/\"}]}<\/script>\n<!-- \/ Yoast SEO plugin. -->","yoast_head_json":{"title":"La carta de un verano confuso que a algunas os ayud\u00f3 - Neus Estrada","robots":{"index":"index","follow":"follow","max-snippet":"max-snippet:-1","max-image-preview":"max-image-preview:large","max-video-preview":"max-video-preview:-1"},"canonical":"https:\/\/neusestrada.com\/es\/la-carta-de-un-verano-confuso-que-a-algunas-os-ayudo\/","og_locale":"es_ES","og_type":"article","og_title":"La carta de un verano confuso que a algunas os ayud\u00f3 - Neus Estrada","og_description":"Mi verano ha sido confuso. No s\u00e9 si es algo que a m\u00ed de vez en cuando me da por hacer balance. Si es la vida... Pero este verano...","og_url":"https:\/\/neusestrada.com\/es\/la-carta-de-un-verano-confuso-que-a-algunas-os-ayudo\/","og_site_name":"Neus Estrada","article_published_time":"2024-01-11T05:07:12+00:00","article_modified_time":"2024-04-05T10:12:08+00:00","og_image":[{"width":1024,"height":628,"url":"https:\/\/neusestrada.com\/wp-content\/uploads\/2024\/01\/carta-blog1.jpg","type":"image\/jpeg"}],"author":"emserra@itserra.com","twitter_card":"summary_large_image","twitter_misc":{"Escrito por":"emserra@itserra.com","Tiempo de lectura":"3 minutos"},"schema":{"@context":"https:\/\/schema.org","@graph":[{"@type":"Article","@id":"https:\/\/neusestrada.com\/es\/la-carta-de-un-verano-confuso-que-a-algunas-os-ayudo\/#article","isPartOf":{"@id":"https:\/\/neusestrada.com\/es\/la-carta-de-un-verano-confuso-que-a-algunas-os-ayudo\/"},"author":{"name":"emserra@itserra.com","@id":"https:\/\/neusestrada.com\/es\/#\/schema\/person\/310032bca53ad8365930be501df7ca35"},"headline":"La carta de un verano confuso que a algunas os ayud\u00f3","datePublished":"2024-01-11T05:07:12+00:00","dateModified":"2024-04-05T10:12:08+00:00","mainEntityOfPage":{"@id":"https:\/\/neusestrada.com\/es\/la-carta-de-un-verano-confuso-que-a-algunas-os-ayudo\/"},"wordCount":621,"publisher":{"@id":"https:\/\/neusestrada.com\/es\/#organization"},"image":{"@id":"https:\/\/neusestrada.com\/es\/la-carta-de-un-verano-confuso-que-a-algunas-os-ayudo\/#primaryimage"},"thumbnailUrl":"https:\/\/neusestrada.com\/wp-content\/uploads\/2024\/01\/carta-blog1.jpg","articleSection":["Sin categorizar"],"inLanguage":"es"},{"@type":"WebPage","@id":"https:\/\/neusestrada.com\/es\/la-carta-de-un-verano-confuso-que-a-algunas-os-ayudo\/","url":"https:\/\/neusestrada.com\/es\/la-carta-de-un-verano-confuso-que-a-algunas-os-ayudo\/","name":"La carta de un verano confuso que a algunas os ayud\u00f3 - Neus Estrada","isPartOf":{"@id":"https:\/\/neusestrada.com\/es\/#website"},"primaryImageOfPage":{"@id":"https:\/\/neusestrada.com\/es\/la-carta-de-un-verano-confuso-que-a-algunas-os-ayudo\/#primaryimage"},"image":{"@id":"https:\/\/neusestrada.com\/es\/la-carta-de-un-verano-confuso-que-a-algunas-os-ayudo\/#primaryimage"},"thumbnailUrl":"https:\/\/neusestrada.com\/wp-content\/uploads\/2024\/01\/carta-blog1.jpg","datePublished":"2024-01-11T05:07:12+00:00","dateModified":"2024-04-05T10:12:08+00:00","breadcrumb":{"@id":"https:\/\/neusestrada.com\/es\/la-carta-de-un-verano-confuso-que-a-algunas-os-ayudo\/#breadcrumb"},"inLanguage":"es","potentialAction":[{"@type":"ReadAction","target":["https:\/\/neusestrada.com\/es\/la-carta-de-un-verano-confuso-que-a-algunas-os-ayudo\/"]}]},{"@type":"ImageObject","inLanguage":"es","@id":"https:\/\/neusestrada.com\/es\/la-carta-de-un-verano-confuso-que-a-algunas-os-ayudo\/#primaryimage","url":"https:\/\/neusestrada.com\/wp-content\/uploads\/2024\/01\/carta-blog1.jpg","contentUrl":"https:\/\/neusestrada.com\/wp-content\/uploads\/2024\/01\/carta-blog1.jpg","width":1024,"height":628,"caption":"Imagen de la autora escribiendo una carta"},{"@type":"BreadcrumbList","@id":"https:\/\/neusestrada.com\/es\/la-carta-de-un-verano-confuso-que-a-algunas-os-ayudo\/#breadcrumb","itemListElement":[{"@type":"ListItem","position":1,"name":"Inici","item":"https:\/\/neusestrada.com\/es\/home\/"},{"@type":"ListItem","position":2,"name":"La carta de un verano confuso que a algunas os ayud\u00f3"}]},{"@type":"WebSite","@id":"https:\/\/neusestrada.com\/es\/#website","url":"https:\/\/neusestrada.com\/es\/","name":"Neus Estrada","description":"Psicologia en femen\u00ed","publisher":{"@id":"https:\/\/neusestrada.com\/es\/#organization"},"potentialAction":[{"@type":"SearchAction","target":{"@type":"EntryPoint","urlTemplate":"https:\/\/neusestrada.com\/es\/?s={search_term_string}"},"query-input":{"@type":"PropertyValueSpecification","valueRequired":true,"valueName":"search_term_string"}}],"inLanguage":"es"},{"@type":"Organization","@id":"https:\/\/neusestrada.com\/es\/#organization","name":"Neus Estrada","url":"https:\/\/neusestrada.com\/es\/","logo":{"@type":"ImageObject","inLanguage":"es","@id":"https:\/\/neusestrada.com\/es\/#\/schema\/logo\/image\/","url":"https:\/\/neusestrada.com\/wp-content\/uploads\/2024\/01\/Logo.svg","contentUrl":"https:\/\/neusestrada.com\/wp-content\/uploads\/2024\/01\/Logo.svg","width":140,"height":74,"caption":"Neus Estrada"},"image":{"@id":"https:\/\/neusestrada.com\/es\/#\/schema\/logo\/image\/"}},{"@type":"Person","@id":"https:\/\/neusestrada.com\/es\/#\/schema\/person\/310032bca53ad8365930be501df7ca35","name":"emserra@itserra.com","image":{"@type":"ImageObject","inLanguage":"es","@id":"https:\/\/secure.gravatar.com\/avatar\/d3aaa387b56d968aa49ad66b9c8a4a41593e2408160b58fb1b1c3735bbad52e6?s=96&d=mm&r=g","url":"https:\/\/secure.gravatar.com\/avatar\/d3aaa387b56d968aa49ad66b9c8a4a41593e2408160b58fb1b1c3735bbad52e6?s=96&d=mm&r=g","contentUrl":"https:\/\/secure.gravatar.com\/avatar\/d3aaa387b56d968aa49ad66b9c8a4a41593e2408160b58fb1b1c3735bbad52e6?s=96&d=mm&r=g","caption":"emserra@itserra.com"},"sameAs":["http:\/\/neusestrada.com"],"url":"https:\/\/neusestrada.com\/es\/author\/emserraitserra-com\/"}]}},"_links":{"self":[{"href":"https:\/\/neusestrada.com\/es\/wp-json\/wp\/v2\/posts\/2528","targetHints":{"allow":["GET"]}}],"collection":[{"href":"https:\/\/neusestrada.com\/es\/wp-json\/wp\/v2\/posts"}],"about":[{"href":"https:\/\/neusestrada.com\/es\/wp-json\/wp\/v2\/types\/post"}],"author":[{"embeddable":true,"href":"https:\/\/neusestrada.com\/es\/wp-json\/wp\/v2\/users\/1"}],"replies":[{"embeddable":true,"href":"https:\/\/neusestrada.com\/es\/wp-json\/wp\/v2\/comments?post=2528"}],"version-history":[{"count":1,"href":"https:\/\/neusestrada.com\/es\/wp-json\/wp\/v2\/posts\/2528\/revisions"}],"predecessor-version":[{"id":2529,"href":"https:\/\/neusestrada.com\/es\/wp-json\/wp\/v2\/posts\/2528\/revisions\/2529"}],"wp:featuredmedia":[{"embeddable":true,"href":"https:\/\/neusestrada.com\/es\/wp-json\/wp\/v2\/media\/2253"}],"wp:attachment":[{"href":"https:\/\/neusestrada.com\/es\/wp-json\/wp\/v2\/media?parent=2528"}],"wp:term":[{"taxonomy":"category","embeddable":true,"href":"https:\/\/neusestrada.com\/es\/wp-json\/wp\/v2\/categories?post=2528"},{"taxonomy":"post_tag","embeddable":true,"href":"https:\/\/neusestrada.com\/es\/wp-json\/wp\/v2\/tags?post=2528"}],"curies":[{"name":"wp","href":"https:\/\/api.w.org\/{rel}","templated":true}]}}