{"id":2536,"date":"2016-10-16T10:30:35","date_gmt":"2016-10-16T09:30:35","guid":{"rendered":"https:\/\/neusestrada.com\/postparto-la-fuerza-creadora\/"},"modified":"2016-10-16T10:30:35","modified_gmt":"2016-10-16T09:30:35","slug":"postparto-la-fuerza-creadora","status":"publish","type":"post","link":"https:\/\/neusestrada.com\/es\/postparto-la-fuerza-creadora\/","title":{"rendered":"Postparto. La fuerza creadora."},"content":{"rendered":"<p style=\"text-align: justify;\"><img fetchpriority=\"high\" decoding=\"async\" class=\" wp-image-1094 alignright\" src=\"https:\/\/neusestrada.com\/wp-content\/uploads\/2016\/10\/artista-elizabeth-ruch-post-part-neus-estrada-carreras-lluna-de-llum.jpg\" alt=\"artista-elizabeth-ruch-post-part-neus-estrada-carreras-lluna-de-llum\" width=\"310\" height=\"313\"><\/p>\n<p style=\"text-align: justify;\">Ya son muchas las mujeres con las que he hablado en su proceso de postparto y me explican la necesidad de crear que tienen. El deseo intenso de plasmar todo lo que nace en ellas. Y desafortunadamente, tambi\u00e9n comentamos la frustraci\u00f3n que genera a veces no poder hacerlo, no sentir la fuerza suficiente o no estar tan acompa\u00f1adas como necesitan para hacerlo.  <\/p>\n<p style=\"text-align: justify;\"><strong>El postparto es una etapa vital que en general tiene mala prensa. Un espacio-tiempo femenino que nos descubre y nos lleva hasta nuestras propias cavernas. <\/strong> <strong>Un encuentro con rincones inh\u00f3spitos que ni siquiera conoc\u00edamos.<\/strong> Se esconden miedos, confusi\u00f3n, bloqueos, conflictos y sombras que ni siquiera sospech\u00e1bamos y que nos acompa\u00f1an en lo m\u00e1s profundo de nosotros mismos.<\/p>\n<p style=\"text-align: justify;\">Transcurrido este camino, si no intentamos desconectarnos de sentimientos tan opuestos como la confusi\u00f3n que nos genera estar tan cerca de la sombra, y al mismo tiempo vivir la alegr\u00eda de ser madres, un universo lleno de descubrimientos nos espera. <strong>Un universo lleno de hallazgos en forma de tesoros que ni siquiera hab\u00edamos intuido que habitaban en nosotros.<\/strong><\/p>\n<p style=\"text-align: justify;\">El postparto es un momento vital en que si nos escuchamos y la mente lo permite, la intuici\u00f3n se filtra por cada c\u00e9lula y la fuerza creadora surge con gran potencia.<\/p>\n<p style=\"text-align: justify;\"><!--more-->La conexi\u00f3n magn\u00edfica que nos proporciona la naturaleza para conectar con nuestra cr\u00eda, pasa por estar m\u00e1s que nunca en contacto con nuestra esencia. Probablemente sea el momento de nuestra vida en que podemos estar m\u00e1s cerca, sin necesidad de hacer nada para lograrlo. <\/p>\n<p style=\"text-align: justify;\"><strong>\u00a1Nada volver\u00e1 a ser igual! Tus hijos no te cambian la vida, despiertan en ti todo lo que estaba dormido. Te hablan de todo el Amor que hay en ti y que has descubierto a trav\u00e9s de ellos. Todo el Amor que puedes llevar al mundo, mujer creadora. El Amor que puedes ofrecer con tu creaci\u00f3n.<\/strong> Crear para plasmar sin dudar lo que nuestra intuici\u00f3n nos dice a gritos, y aun as\u00ed a veces nos cuesta creer.<\/p>\n<blockquote>\n<p style=\"text-align: justify;\">\u00bfY t\u00fa? \u00bfPuedes escuchar a tu intuici\u00f3n c\u00f3mo grita? \u00bfSientes la confusi\u00f3n y ambivalencia que hemos sentido muchas mujeres? \u00bfTe gustar\u00eda que te atrapara la fuerza creadora?   <\/p>\n<\/blockquote>\n<p style=\"text-align: justify;\"><strong>Indaga. Busca en ti y no afuera. Siente c\u00f3mo tu cr\u00eda busca conectarte contigo misma para sanar todo lo que te acompa\u00f1a pero que pesa para vivir en paz. No sientas como una carga esta etapa que es un tesoro. Haz de ella una oportunidad divina para que despierte en ti el milagro que eres. Solo t\u00fa eres capaz de hacer, crear y parir aquello que el mundo necesita de ti. Deja que tu postparto te gu\u00ede y que tus intuiciones te transformen.      <\/strong><\/p>\n<p style=\"text-align: justify;\">\u00a1Nada volver\u00e1 a ser igual! Tus hijos no te cambian la vida, despiertan en ti todo lo que estaba dormido. Te hablan de todo el Amor que hay en ti y que has descubierto a trav\u00e9s de ellos. Todo el Amor que puedes llevar al mundo, mujer creadora. El Amor que puedes ofrecer con tu creaci\u00f3n.    <\/p>\n<p style=\"text-align: justify;\"><strong>Con\u00e9ctate contigo. D\u00e9jate llevar. Que la intuici\u00f3n se haga gu\u00eda de tu viaje.  <\/strong><\/p>\n<h5 style=\"text-align: justify;\">Artista: Elizabeth Ruch<\/h5>\n<h5 style=\"text-align: justify;\">Texto: Neus Estrada Carreras<\/h5>\n","protected":false},"excerpt":{"rendered":"<p>Ya son muchas las mujeres con las que he hablado en su proceso de postparto y me explican la necesidad de crear que tienen. El deseo intenso de plasmar todo lo que nace en ellas. Y desafortunadamente, tambi\u00e9n comentamos la frustraci\u00f3n que genera a veces no poder hacerlo, no sentir la fuerza suficiente o no [&hellip;]<\/p>\n","protected":false},"author":3,"featured_media":2481,"comment_status":"closed","ping_status":"closed","sticky":false,"template":"","format":"standard","meta":{"footnotes":""},"categories":[53],"tags":[],"class_list":["post-2536","post","type-post","status-publish","format-standard","has-post-thumbnail","hentry","category-sin-categoria-es"],"yoast_head":"<!-- This site is optimized with the Yoast SEO plugin v27.2 - https:\/\/yoast.com\/product\/yoast-seo-wordpress\/ -->\n<title>Postparto. La fuerza creadora. - Neus Estrada<\/title>\n<meta name=\"robots\" content=\"index, follow, max-snippet:-1, max-image-preview:large, max-video-preview:-1\" \/>\n<link rel=\"canonical\" href=\"https:\/\/neusestrada.com\/es\/postparto-la-fuerza-creadora\/\" \/>\n<meta property=\"og:locale\" content=\"es_ES\" \/>\n<meta property=\"og:type\" content=\"article\" \/>\n<meta property=\"og:title\" content=\"Postparto. La fuerza creadora. - Neus Estrada\" \/>\n<meta property=\"og:description\" content=\"Ya son muchas las mujeres con las que he hablado en su proceso de postparto y me explican la necesidad de crear que tienen. El deseo intenso de plasmar todo lo que nace en ellas. Y desafortunadamente, tambi\u00e9n comentamos la frustraci\u00f3n que genera a veces no poder hacerlo, no sentir la fuerza suficiente o no [&hellip;]\" \/>\n<meta property=\"og:url\" content=\"https:\/\/neusestrada.com\/es\/postparto-la-fuerza-creadora\/\" \/>\n<meta property=\"og:site_name\" content=\"Neus Estrada\" \/>\n<meta property=\"article:published_time\" content=\"2016-10-16T09:30:35+00:00\" \/>\n<meta property=\"og:image\" content=\"https:\/\/neusestrada.com\/wp-content\/uploads\/2016\/10\/artista-elizabeth-ruch-post-part-neus-estrada-carreras-lluna-de-llum-1014x1024.jpg\" \/>\n\t<meta property=\"og:image:width\" content=\"1014\" \/>\n\t<meta property=\"og:image:height\" content=\"1024\" \/>\n\t<meta property=\"og:image:type\" content=\"image\/jpeg\" \/>\n<meta name=\"author\" content=\"Neus\" \/>\n<meta name=\"twitter:card\" content=\"summary_large_image\" \/>\n<meta name=\"twitter:label1\" content=\"Escrito por\" \/>\n\t<meta name=\"twitter:data1\" content=\"Neus\" \/>\n\t<meta name=\"twitter:label2\" content=\"Tiempo de lectura\" \/>\n\t<meta name=\"twitter:data2\" content=\"3 minutos\" \/>\n<script type=\"application\/ld+json\" class=\"yoast-schema-graph\">{\"@context\":\"https:\/\/schema.org\",\"@graph\":[{\"@type\":\"Article\",\"@id\":\"https:\/\/neusestrada.com\/es\/postparto-la-fuerza-creadora\/#article\",\"isPartOf\":{\"@id\":\"https:\/\/neusestrada.com\/es\/postparto-la-fuerza-creadora\/\"},\"author\":{\"name\":\"Neus\",\"@id\":\"https:\/\/neusestrada.com\/es\/#\/schema\/person\/d377cb36586c29e7b0109edd483eee07\"},\"headline\":\"Postparto. La fuerza creadora.\",\"datePublished\":\"2016-10-16T09:30:35+00:00\",\"mainEntityOfPage\":{\"@id\":\"https:\/\/neusestrada.com\/es\/postparto-la-fuerza-creadora\/\"},\"wordCount\":555,\"publisher\":{\"@id\":\"https:\/\/neusestrada.com\/es\/#organization\"},\"image\":{\"@id\":\"https:\/\/neusestrada.com\/es\/postparto-la-fuerza-creadora\/#primaryimage\"},\"thumbnailUrl\":\"https:\/\/neusestrada.com\/wp-content\/uploads\/2016\/10\/artista-elizabeth-ruch-post-part-neus-estrada-carreras-lluna-de-llum-1014x1024.jpg\",\"inLanguage\":\"es\"},{\"@type\":\"WebPage\",\"@id\":\"https:\/\/neusestrada.com\/es\/postparto-la-fuerza-creadora\/\",\"url\":\"https:\/\/neusestrada.com\/es\/postparto-la-fuerza-creadora\/\",\"name\":\"Postparto. La fuerza creadora. - Neus Estrada\",\"isPartOf\":{\"@id\":\"https:\/\/neusestrada.com\/es\/#website\"},\"primaryImageOfPage\":{\"@id\":\"https:\/\/neusestrada.com\/es\/postparto-la-fuerza-creadora\/#primaryimage\"},\"image\":{\"@id\":\"https:\/\/neusestrada.com\/es\/postparto-la-fuerza-creadora\/#primaryimage\"},\"thumbnailUrl\":\"https:\/\/neusestrada.com\/wp-content\/uploads\/2016\/10\/artista-elizabeth-ruch-post-part-neus-estrada-carreras-lluna-de-llum-1014x1024.jpg\",\"datePublished\":\"2016-10-16T09:30:35+00:00\",\"breadcrumb\":{\"@id\":\"https:\/\/neusestrada.com\/es\/postparto-la-fuerza-creadora\/#breadcrumb\"},\"inLanguage\":\"es\",\"potentialAction\":[{\"@type\":\"ReadAction\",\"target\":[\"https:\/\/neusestrada.com\/es\/postparto-la-fuerza-creadora\/\"]}]},{\"@type\":\"ImageObject\",\"inLanguage\":\"es\",\"@id\":\"https:\/\/neusestrada.com\/es\/postparto-la-fuerza-creadora\/#primaryimage\",\"url\":\"https:\/\/neusestrada.com\/wp-content\/uploads\/2016\/10\/artista-elizabeth-ruch-post-part-neus-estrada-carreras-lluna-de-llum-1014x1024.jpg\",\"contentUrl\":\"https:\/\/neusestrada.com\/wp-content\/uploads\/2016\/10\/artista-elizabeth-ruch-post-part-neus-estrada-carreras-lluna-de-llum-1014x1024.jpg\",\"width\":1014,\"height\":1024},{\"@type\":\"BreadcrumbList\",\"@id\":\"https:\/\/neusestrada.com\/es\/postparto-la-fuerza-creadora\/#breadcrumb\",\"itemListElement\":[{\"@type\":\"ListItem\",\"position\":1,\"name\":\"Inici\",\"item\":\"https:\/\/neusestrada.com\/es\/home\/\"},{\"@type\":\"ListItem\",\"position\":2,\"name\":\"Postparto. La fuerza creadora.\"}]},{\"@type\":\"WebSite\",\"@id\":\"https:\/\/neusestrada.com\/es\/#website\",\"url\":\"https:\/\/neusestrada.com\/es\/\",\"name\":\"Neus Estrada\",\"description\":\"Psicologia en femen\u00ed\",\"publisher\":{\"@id\":\"https:\/\/neusestrada.com\/es\/#organization\"},\"potentialAction\":[{\"@type\":\"SearchAction\",\"target\":{\"@type\":\"EntryPoint\",\"urlTemplate\":\"https:\/\/neusestrada.com\/es\/?s={search_term_string}\"},\"query-input\":{\"@type\":\"PropertyValueSpecification\",\"valueRequired\":true,\"valueName\":\"search_term_string\"}}],\"inLanguage\":\"es\"},{\"@type\":\"Organization\",\"@id\":\"https:\/\/neusestrada.com\/es\/#organization\",\"name\":\"Neus Estrada\",\"url\":\"https:\/\/neusestrada.com\/es\/\",\"logo\":{\"@type\":\"ImageObject\",\"inLanguage\":\"es\",\"@id\":\"https:\/\/neusestrada.com\/es\/#\/schema\/logo\/image\/\",\"url\":\"https:\/\/neusestrada.com\/wp-content\/uploads\/2024\/01\/Logo.svg\",\"contentUrl\":\"https:\/\/neusestrada.com\/wp-content\/uploads\/2024\/01\/Logo.svg\",\"width\":140,\"height\":74,\"caption\":\"Neus Estrada\"},\"image\":{\"@id\":\"https:\/\/neusestrada.com\/es\/#\/schema\/logo\/image\/\"}},{\"@type\":\"Person\",\"@id\":\"https:\/\/neusestrada.com\/es\/#\/schema\/person\/d377cb36586c29e7b0109edd483eee07\",\"name\":\"Neus\",\"image\":{\"@type\":\"ImageObject\",\"inLanguage\":\"es\",\"@id\":\"https:\/\/secure.gravatar.com\/avatar\/3ce27c47c893a390959cb99e7fa891586c1d31a9e8d27df842704e80af5ec380?s=96&d=mm&r=g\",\"url\":\"https:\/\/secure.gravatar.com\/avatar\/3ce27c47c893a390959cb99e7fa891586c1d31a9e8d27df842704e80af5ec380?s=96&d=mm&r=g\",\"contentUrl\":\"https:\/\/secure.gravatar.com\/avatar\/3ce27c47c893a390959cb99e7fa891586c1d31a9e8d27df842704e80af5ec380?s=96&d=mm&r=g\",\"caption\":\"Neus\"},\"url\":\"https:\/\/neusestrada.com\/es\/author\/neus\/\"}]}<\/script>\n<!-- \/ Yoast SEO plugin. -->","yoast_head_json":{"title":"Postparto. La fuerza creadora. - Neus Estrada","robots":{"index":"index","follow":"follow","max-snippet":"max-snippet:-1","max-image-preview":"max-image-preview:large","max-video-preview":"max-video-preview:-1"},"canonical":"https:\/\/neusestrada.com\/es\/postparto-la-fuerza-creadora\/","og_locale":"es_ES","og_type":"article","og_title":"Postparto. La fuerza creadora. - Neus Estrada","og_description":"Ya son muchas las mujeres con las que he hablado en su proceso de postparto y me explican la necesidad de crear que tienen. El deseo intenso de plasmar todo lo que nace en ellas. Y desafortunadamente, tambi\u00e9n comentamos la frustraci\u00f3n que genera a veces no poder hacerlo, no sentir la fuerza suficiente o no [&hellip;]","og_url":"https:\/\/neusestrada.com\/es\/postparto-la-fuerza-creadora\/","og_site_name":"Neus Estrada","article_published_time":"2016-10-16T09:30:35+00:00","og_image":[{"width":1014,"height":1024,"url":"https:\/\/neusestrada.com\/wp-content\/uploads\/2016\/10\/artista-elizabeth-ruch-post-part-neus-estrada-carreras-lluna-de-llum-1014x1024.jpg","type":"image\/jpeg"}],"author":"Neus","twitter_card":"summary_large_image","twitter_misc":{"Escrito por":"Neus","Tiempo de lectura":"3 minutos"},"schema":{"@context":"https:\/\/schema.org","@graph":[{"@type":"Article","@id":"https:\/\/neusestrada.com\/es\/postparto-la-fuerza-creadora\/#article","isPartOf":{"@id":"https:\/\/neusestrada.com\/es\/postparto-la-fuerza-creadora\/"},"author":{"name":"Neus","@id":"https:\/\/neusestrada.com\/es\/#\/schema\/person\/d377cb36586c29e7b0109edd483eee07"},"headline":"Postparto. La fuerza creadora.","datePublished":"2016-10-16T09:30:35+00:00","mainEntityOfPage":{"@id":"https:\/\/neusestrada.com\/es\/postparto-la-fuerza-creadora\/"},"wordCount":555,"publisher":{"@id":"https:\/\/neusestrada.com\/es\/#organization"},"image":{"@id":"https:\/\/neusestrada.com\/es\/postparto-la-fuerza-creadora\/#primaryimage"},"thumbnailUrl":"https:\/\/neusestrada.com\/wp-content\/uploads\/2016\/10\/artista-elizabeth-ruch-post-part-neus-estrada-carreras-lluna-de-llum-1014x1024.jpg","inLanguage":"es"},{"@type":"WebPage","@id":"https:\/\/neusestrada.com\/es\/postparto-la-fuerza-creadora\/","url":"https:\/\/neusestrada.com\/es\/postparto-la-fuerza-creadora\/","name":"Postparto. La fuerza creadora. - Neus Estrada","isPartOf":{"@id":"https:\/\/neusestrada.com\/es\/#website"},"primaryImageOfPage":{"@id":"https:\/\/neusestrada.com\/es\/postparto-la-fuerza-creadora\/#primaryimage"},"image":{"@id":"https:\/\/neusestrada.com\/es\/postparto-la-fuerza-creadora\/#primaryimage"},"thumbnailUrl":"https:\/\/neusestrada.com\/wp-content\/uploads\/2016\/10\/artista-elizabeth-ruch-post-part-neus-estrada-carreras-lluna-de-llum-1014x1024.jpg","datePublished":"2016-10-16T09:30:35+00:00","breadcrumb":{"@id":"https:\/\/neusestrada.com\/es\/postparto-la-fuerza-creadora\/#breadcrumb"},"inLanguage":"es","potentialAction":[{"@type":"ReadAction","target":["https:\/\/neusestrada.com\/es\/postparto-la-fuerza-creadora\/"]}]},{"@type":"ImageObject","inLanguage":"es","@id":"https:\/\/neusestrada.com\/es\/postparto-la-fuerza-creadora\/#primaryimage","url":"https:\/\/neusestrada.com\/wp-content\/uploads\/2016\/10\/artista-elizabeth-ruch-post-part-neus-estrada-carreras-lluna-de-llum-1014x1024.jpg","contentUrl":"https:\/\/neusestrada.com\/wp-content\/uploads\/2016\/10\/artista-elizabeth-ruch-post-part-neus-estrada-carreras-lluna-de-llum-1014x1024.jpg","width":1014,"height":1024},{"@type":"BreadcrumbList","@id":"https:\/\/neusestrada.com\/es\/postparto-la-fuerza-creadora\/#breadcrumb","itemListElement":[{"@type":"ListItem","position":1,"name":"Inici","item":"https:\/\/neusestrada.com\/es\/home\/"},{"@type":"ListItem","position":2,"name":"Postparto. La fuerza creadora."}]},{"@type":"WebSite","@id":"https:\/\/neusestrada.com\/es\/#website","url":"https:\/\/neusestrada.com\/es\/","name":"Neus Estrada","description":"Psicologia en femen\u00ed","publisher":{"@id":"https:\/\/neusestrada.com\/es\/#organization"},"potentialAction":[{"@type":"SearchAction","target":{"@type":"EntryPoint","urlTemplate":"https:\/\/neusestrada.com\/es\/?s={search_term_string}"},"query-input":{"@type":"PropertyValueSpecification","valueRequired":true,"valueName":"search_term_string"}}],"inLanguage":"es"},{"@type":"Organization","@id":"https:\/\/neusestrada.com\/es\/#organization","name":"Neus Estrada","url":"https:\/\/neusestrada.com\/es\/","logo":{"@type":"ImageObject","inLanguage":"es","@id":"https:\/\/neusestrada.com\/es\/#\/schema\/logo\/image\/","url":"https:\/\/neusestrada.com\/wp-content\/uploads\/2024\/01\/Logo.svg","contentUrl":"https:\/\/neusestrada.com\/wp-content\/uploads\/2024\/01\/Logo.svg","width":140,"height":74,"caption":"Neus Estrada"},"image":{"@id":"https:\/\/neusestrada.com\/es\/#\/schema\/logo\/image\/"}},{"@type":"Person","@id":"https:\/\/neusestrada.com\/es\/#\/schema\/person\/d377cb36586c29e7b0109edd483eee07","name":"Neus","image":{"@type":"ImageObject","inLanguage":"es","@id":"https:\/\/secure.gravatar.com\/avatar\/3ce27c47c893a390959cb99e7fa891586c1d31a9e8d27df842704e80af5ec380?s=96&d=mm&r=g","url":"https:\/\/secure.gravatar.com\/avatar\/3ce27c47c893a390959cb99e7fa891586c1d31a9e8d27df842704e80af5ec380?s=96&d=mm&r=g","contentUrl":"https:\/\/secure.gravatar.com\/avatar\/3ce27c47c893a390959cb99e7fa891586c1d31a9e8d27df842704e80af5ec380?s=96&d=mm&r=g","caption":"Neus"},"url":"https:\/\/neusestrada.com\/es\/author\/neus\/"}]}},"_links":{"self":[{"href":"https:\/\/neusestrada.com\/es\/wp-json\/wp\/v2\/posts\/2536","targetHints":{"allow":["GET"]}}],"collection":[{"href":"https:\/\/neusestrada.com\/es\/wp-json\/wp\/v2\/posts"}],"about":[{"href":"https:\/\/neusestrada.com\/es\/wp-json\/wp\/v2\/types\/post"}],"author":[{"embeddable":true,"href":"https:\/\/neusestrada.com\/es\/wp-json\/wp\/v2\/users\/3"}],"replies":[{"embeddable":true,"href":"https:\/\/neusestrada.com\/es\/wp-json\/wp\/v2\/comments?post=2536"}],"version-history":[{"count":0,"href":"https:\/\/neusestrada.com\/es\/wp-json\/wp\/v2\/posts\/2536\/revisions"}],"wp:featuredmedia":[{"embeddable":true,"href":"https:\/\/neusestrada.com\/es\/wp-json\/wp\/v2\/media\/2481"}],"wp:attachment":[{"href":"https:\/\/neusestrada.com\/es\/wp-json\/wp\/v2\/media?parent=2536"}],"wp:term":[{"taxonomy":"category","embeddable":true,"href":"https:\/\/neusestrada.com\/es\/wp-json\/wp\/v2\/categories?post=2536"},{"taxonomy":"post_tag","embeddable":true,"href":"https:\/\/neusestrada.com\/es\/wp-json\/wp\/v2\/tags?post=2536"}],"curies":[{"name":"wp","href":"https:\/\/api.w.org\/{rel}","templated":true}]}}