{"id":2538,"date":"2016-09-25T16:24:46","date_gmt":"2016-09-25T15:24:46","guid":{"rendered":"https:\/\/neusestrada.com\/7-anos-y-un-dia\/"},"modified":"2016-09-25T16:24:46","modified_gmt":"2016-09-25T15:24:46","slug":"7-anos-y-un-dia","status":"publish","type":"post","link":"https:\/\/neusestrada.com\/es\/7-anos-y-un-dia\/","title":{"rendered":"7 a\u00f1os y un d\u00eda"},"content":{"rendered":"<p style=\"text-align:justify;\">Hoy hace 7 a\u00f1os que supimos que habitabas dentro de m\u00ed. 24 de septiembre, 7 de la ma\u00f1ana. 7 a\u00f1os que nos levantamos emocionados para comprobar que todo lo que sent\u00eda era cierto.  <\/p>\n<p style=\"text-align:justify;\">Los 7 a\u00f1os m\u00e1s transformadores, f\u00e9rtiles, creativos y empoderadores de mi vida. 7 a\u00f1os en los que he aprendido a amar, observar, disfrutar y aprender a tu lado con ojos de ni\u00f1a. <\/p>\n<p style=\"text-align:justify;\">Ya hace 7 a\u00f1os que comenz\u00f3 un camino hacia amar de una manera diferente. 7 a\u00f1os que empec\u00e9 a descubrir todo el amor que hay en m\u00ed a trav\u00e9s de ti. 7 a\u00f1os que me abriste la puerta a ser madre y vivir una de las mujeres que habita en m\u00ed y que desconoc\u00eda. 7 a\u00f1os que me enamor\u00e9 del padre y no solo del hombre que hace camino conmigo. 7 a\u00f1os de tanto&#8230; que no hay palabras. Solo tengo una.     <\/p>\n<p style=\"text-align:justify;\">Gracias por tanto, Mar. <strong> \u00a1GRACIAS!<\/strong><\/p>\n<p style=\"text-align:justify;\"><img fetchpriority=\"high\" decoding=\"async\" class=\"alignnone size-full wp-image-1028\" src=\"https:\/\/neusestrada.com\/wp-content\/uploads\/2016\/09\/ganges-lluna-de-llum-neus-estrada-carreras.jpg\" alt=\"ganges-lluna-de-llum-neus-estrada-carreras\" width=\"4000\" height=\"3000\"><\/p>\n<p style=\"text-align:center;\">Ganges (India), 2009 \u2013 Pidiendo a la vida que vinieras a nosotros.<\/p>\n","protected":false},"excerpt":{"rendered":"<p>Hoy hace 7 a\u00f1os que supimos que habitabas dentro de m\u00ed. 24 de septiembre, 7 de la ma\u00f1ana. 7 a\u00f1os que nos levantamos emocionados para comprobar que todo lo que sent\u00eda era cierto. Los 7 a\u00f1os m\u00e1s transformadores, f\u00e9rtiles, creativos y empoderadores de mi vida. 7 a\u00f1os en los que he aprendido a amar, observar, [&hellip;]<\/p>\n","protected":false},"author":3,"featured_media":2468,"comment_status":"closed","ping_status":"closed","sticky":false,"template":"","format":"standard","meta":{"footnotes":""},"categories":[53],"tags":[57,54,58,56,59,55],"class_list":["post-2538","post","type-post","status-publish","format-standard","has-post-thumbnail","hentry","category-sin-categoria-es","tag-amor-es","tag-embarazo","tag-gracias","tag-madre","tag-maternidad","tag-mujer"],"yoast_head":"<!-- This site is optimized with the Yoast SEO plugin v27.2 - https:\/\/yoast.com\/product\/yoast-seo-wordpress\/ -->\n<title>7 a\u00f1os y un d\u00eda - Neus Estrada<\/title>\n<meta name=\"robots\" content=\"index, follow, max-snippet:-1, max-image-preview:large, max-video-preview:-1\" \/>\n<link rel=\"canonical\" href=\"https:\/\/neusestrada.com\/es\/7-anos-y-un-dia\/\" \/>\n<meta property=\"og:locale\" content=\"es_ES\" \/>\n<meta property=\"og:type\" content=\"article\" \/>\n<meta property=\"og:title\" content=\"7 a\u00f1os y un d\u00eda - Neus Estrada\" \/>\n<meta property=\"og:description\" content=\"Hoy hace 7 a\u00f1os que supimos que habitabas dentro de m\u00ed. 24 de septiembre, 7 de la ma\u00f1ana. 7 a\u00f1os que nos levantamos emocionados para comprobar que todo lo que sent\u00eda era cierto. Los 7 a\u00f1os m\u00e1s transformadores, f\u00e9rtiles, creativos y empoderadores de mi vida. 7 a\u00f1os en los que he aprendido a amar, observar, [&hellip;]\" \/>\n<meta property=\"og:url\" content=\"https:\/\/neusestrada.com\/es\/7-anos-y-un-dia\/\" \/>\n<meta property=\"og:site_name\" content=\"Neus Estrada\" \/>\n<meta property=\"article:published_time\" content=\"2016-09-25T15:24:46+00:00\" \/>\n<meta property=\"og:image\" content=\"https:\/\/neusestrada.com\/wp-content\/uploads\/2016\/09\/ganges-lluna-de-llum-neus-estrada-carreras-scaled.jpg\" \/>\n\t<meta property=\"og:image:width\" content=\"2560\" \/>\n\t<meta property=\"og:image:height\" content=\"1920\" \/>\n\t<meta property=\"og:image:type\" content=\"image\/jpeg\" \/>\n<meta name=\"author\" content=\"Neus\" \/>\n<meta name=\"twitter:card\" content=\"summary_large_image\" \/>\n<meta name=\"twitter:label1\" content=\"Escrito por\" \/>\n\t<meta name=\"twitter:data1\" content=\"Neus\" \/>\n\t<meta name=\"twitter:label2\" content=\"Tiempo de lectura\" \/>\n\t<meta name=\"twitter:data2\" content=\"1 minuto\" \/>\n<script type=\"application\/ld+json\" class=\"yoast-schema-graph\">{\"@context\":\"https:\/\/schema.org\",\"@graph\":[{\"@type\":\"Article\",\"@id\":\"https:\/\/neusestrada.com\/es\/7-anos-y-un-dia\/#article\",\"isPartOf\":{\"@id\":\"https:\/\/neusestrada.com\/es\/7-anos-y-un-dia\/\"},\"author\":{\"name\":\"Neus\",\"@id\":\"https:\/\/neusestrada.com\/es\/#\/schema\/person\/d377cb36586c29e7b0109edd483eee07\"},\"headline\":\"7 a\u00f1os y un d\u00eda\",\"datePublished\":\"2016-09-25T15:24:46+00:00\",\"mainEntityOfPage\":{\"@id\":\"https:\/\/neusestrada.com\/es\/7-anos-y-un-dia\/\"},\"wordCount\":172,\"publisher\":{\"@id\":\"https:\/\/neusestrada.com\/es\/#organization\"},\"image\":{\"@id\":\"https:\/\/neusestrada.com\/es\/7-anos-y-un-dia\/#primaryimage\"},\"thumbnailUrl\":\"https:\/\/neusestrada.com\/wp-content\/uploads\/2016\/09\/ganges-lluna-de-llum-neus-estrada-carreras-scaled.jpg\",\"keywords\":[\"amor\",\"embarazo\",\"gracias\",\"Madre\",\"maternidad\",\"Mujer\"],\"inLanguage\":\"es\"},{\"@type\":\"WebPage\",\"@id\":\"https:\/\/neusestrada.com\/es\/7-anos-y-un-dia\/\",\"url\":\"https:\/\/neusestrada.com\/es\/7-anos-y-un-dia\/\",\"name\":\"7 a\u00f1os y un d\u00eda - Neus Estrada\",\"isPartOf\":{\"@id\":\"https:\/\/neusestrada.com\/es\/#website\"},\"primaryImageOfPage\":{\"@id\":\"https:\/\/neusestrada.com\/es\/7-anos-y-un-dia\/#primaryimage\"},\"image\":{\"@id\":\"https:\/\/neusestrada.com\/es\/7-anos-y-un-dia\/#primaryimage\"},\"thumbnailUrl\":\"https:\/\/neusestrada.com\/wp-content\/uploads\/2016\/09\/ganges-lluna-de-llum-neus-estrada-carreras-scaled.jpg\",\"datePublished\":\"2016-09-25T15:24:46+00:00\",\"breadcrumb\":{\"@id\":\"https:\/\/neusestrada.com\/es\/7-anos-y-un-dia\/#breadcrumb\"},\"inLanguage\":\"es\",\"potentialAction\":[{\"@type\":\"ReadAction\",\"target\":[\"https:\/\/neusestrada.com\/es\/7-anos-y-un-dia\/\"]}]},{\"@type\":\"ImageObject\",\"inLanguage\":\"es\",\"@id\":\"https:\/\/neusestrada.com\/es\/7-anos-y-un-dia\/#primaryimage\",\"url\":\"https:\/\/neusestrada.com\/wp-content\/uploads\/2016\/09\/ganges-lluna-de-llum-neus-estrada-carreras-scaled.jpg\",\"contentUrl\":\"https:\/\/neusestrada.com\/wp-content\/uploads\/2016\/09\/ganges-lluna-de-llum-neus-estrada-carreras-scaled.jpg\",\"width\":2560,\"height\":1920},{\"@type\":\"BreadcrumbList\",\"@id\":\"https:\/\/neusestrada.com\/es\/7-anos-y-un-dia\/#breadcrumb\",\"itemListElement\":[{\"@type\":\"ListItem\",\"position\":1,\"name\":\"Inici\",\"item\":\"https:\/\/neusestrada.com\/es\/home\/\"},{\"@type\":\"ListItem\",\"position\":2,\"name\":\"7 a\u00f1os y un d\u00eda\"}]},{\"@type\":\"WebSite\",\"@id\":\"https:\/\/neusestrada.com\/es\/#website\",\"url\":\"https:\/\/neusestrada.com\/es\/\",\"name\":\"Neus Estrada\",\"description\":\"Psicologia en femen\u00ed\",\"publisher\":{\"@id\":\"https:\/\/neusestrada.com\/es\/#organization\"},\"potentialAction\":[{\"@type\":\"SearchAction\",\"target\":{\"@type\":\"EntryPoint\",\"urlTemplate\":\"https:\/\/neusestrada.com\/es\/?s={search_term_string}\"},\"query-input\":{\"@type\":\"PropertyValueSpecification\",\"valueRequired\":true,\"valueName\":\"search_term_string\"}}],\"inLanguage\":\"es\"},{\"@type\":\"Organization\",\"@id\":\"https:\/\/neusestrada.com\/es\/#organization\",\"name\":\"Neus Estrada\",\"url\":\"https:\/\/neusestrada.com\/es\/\",\"logo\":{\"@type\":\"ImageObject\",\"inLanguage\":\"es\",\"@id\":\"https:\/\/neusestrada.com\/es\/#\/schema\/logo\/image\/\",\"url\":\"https:\/\/neusestrada.com\/wp-content\/uploads\/2024\/01\/Logo.svg\",\"contentUrl\":\"https:\/\/neusestrada.com\/wp-content\/uploads\/2024\/01\/Logo.svg\",\"width\":140,\"height\":74,\"caption\":\"Neus Estrada\"},\"image\":{\"@id\":\"https:\/\/neusestrada.com\/es\/#\/schema\/logo\/image\/\"}},{\"@type\":\"Person\",\"@id\":\"https:\/\/neusestrada.com\/es\/#\/schema\/person\/d377cb36586c29e7b0109edd483eee07\",\"name\":\"Neus\",\"image\":{\"@type\":\"ImageObject\",\"inLanguage\":\"es\",\"@id\":\"https:\/\/secure.gravatar.com\/avatar\/3ce27c47c893a390959cb99e7fa891586c1d31a9e8d27df842704e80af5ec380?s=96&d=mm&r=g\",\"url\":\"https:\/\/secure.gravatar.com\/avatar\/3ce27c47c893a390959cb99e7fa891586c1d31a9e8d27df842704e80af5ec380?s=96&d=mm&r=g\",\"contentUrl\":\"https:\/\/secure.gravatar.com\/avatar\/3ce27c47c893a390959cb99e7fa891586c1d31a9e8d27df842704e80af5ec380?s=96&d=mm&r=g\",\"caption\":\"Neus\"},\"url\":\"https:\/\/neusestrada.com\/es\/author\/neus\/\"}]}<\/script>\n<!-- \/ Yoast SEO plugin. -->","yoast_head_json":{"title":"7 a\u00f1os y un d\u00eda - Neus Estrada","robots":{"index":"index","follow":"follow","max-snippet":"max-snippet:-1","max-image-preview":"max-image-preview:large","max-video-preview":"max-video-preview:-1"},"canonical":"https:\/\/neusestrada.com\/es\/7-anos-y-un-dia\/","og_locale":"es_ES","og_type":"article","og_title":"7 a\u00f1os y un d\u00eda - Neus Estrada","og_description":"Hoy hace 7 a\u00f1os que supimos que habitabas dentro de m\u00ed. 24 de septiembre, 7 de la ma\u00f1ana. 7 a\u00f1os que nos levantamos emocionados para comprobar que todo lo que sent\u00eda era cierto. Los 7 a\u00f1os m\u00e1s transformadores, f\u00e9rtiles, creativos y empoderadores de mi vida. 7 a\u00f1os en los que he aprendido a amar, observar, [&hellip;]","og_url":"https:\/\/neusestrada.com\/es\/7-anos-y-un-dia\/","og_site_name":"Neus Estrada","article_published_time":"2016-09-25T15:24:46+00:00","og_image":[{"width":2560,"height":1920,"url":"https:\/\/neusestrada.com\/wp-content\/uploads\/2016\/09\/ganges-lluna-de-llum-neus-estrada-carreras-scaled.jpg","type":"image\/jpeg"}],"author":"Neus","twitter_card":"summary_large_image","twitter_misc":{"Escrito por":"Neus","Tiempo de lectura":"1 minuto"},"schema":{"@context":"https:\/\/schema.org","@graph":[{"@type":"Article","@id":"https:\/\/neusestrada.com\/es\/7-anos-y-un-dia\/#article","isPartOf":{"@id":"https:\/\/neusestrada.com\/es\/7-anos-y-un-dia\/"},"author":{"name":"Neus","@id":"https:\/\/neusestrada.com\/es\/#\/schema\/person\/d377cb36586c29e7b0109edd483eee07"},"headline":"7 a\u00f1os y un d\u00eda","datePublished":"2016-09-25T15:24:46+00:00","mainEntityOfPage":{"@id":"https:\/\/neusestrada.com\/es\/7-anos-y-un-dia\/"},"wordCount":172,"publisher":{"@id":"https:\/\/neusestrada.com\/es\/#organization"},"image":{"@id":"https:\/\/neusestrada.com\/es\/7-anos-y-un-dia\/#primaryimage"},"thumbnailUrl":"https:\/\/neusestrada.com\/wp-content\/uploads\/2016\/09\/ganges-lluna-de-llum-neus-estrada-carreras-scaled.jpg","keywords":["amor","embarazo","gracias","Madre","maternidad","Mujer"],"inLanguage":"es"},{"@type":"WebPage","@id":"https:\/\/neusestrada.com\/es\/7-anos-y-un-dia\/","url":"https:\/\/neusestrada.com\/es\/7-anos-y-un-dia\/","name":"7 a\u00f1os y un d\u00eda - Neus Estrada","isPartOf":{"@id":"https:\/\/neusestrada.com\/es\/#website"},"primaryImageOfPage":{"@id":"https:\/\/neusestrada.com\/es\/7-anos-y-un-dia\/#primaryimage"},"image":{"@id":"https:\/\/neusestrada.com\/es\/7-anos-y-un-dia\/#primaryimage"},"thumbnailUrl":"https:\/\/neusestrada.com\/wp-content\/uploads\/2016\/09\/ganges-lluna-de-llum-neus-estrada-carreras-scaled.jpg","datePublished":"2016-09-25T15:24:46+00:00","breadcrumb":{"@id":"https:\/\/neusestrada.com\/es\/7-anos-y-un-dia\/#breadcrumb"},"inLanguage":"es","potentialAction":[{"@type":"ReadAction","target":["https:\/\/neusestrada.com\/es\/7-anos-y-un-dia\/"]}]},{"@type":"ImageObject","inLanguage":"es","@id":"https:\/\/neusestrada.com\/es\/7-anos-y-un-dia\/#primaryimage","url":"https:\/\/neusestrada.com\/wp-content\/uploads\/2016\/09\/ganges-lluna-de-llum-neus-estrada-carreras-scaled.jpg","contentUrl":"https:\/\/neusestrada.com\/wp-content\/uploads\/2016\/09\/ganges-lluna-de-llum-neus-estrada-carreras-scaled.jpg","width":2560,"height":1920},{"@type":"BreadcrumbList","@id":"https:\/\/neusestrada.com\/es\/7-anos-y-un-dia\/#breadcrumb","itemListElement":[{"@type":"ListItem","position":1,"name":"Inici","item":"https:\/\/neusestrada.com\/es\/home\/"},{"@type":"ListItem","position":2,"name":"7 a\u00f1os y un d\u00eda"}]},{"@type":"WebSite","@id":"https:\/\/neusestrada.com\/es\/#website","url":"https:\/\/neusestrada.com\/es\/","name":"Neus Estrada","description":"Psicologia en femen\u00ed","publisher":{"@id":"https:\/\/neusestrada.com\/es\/#organization"},"potentialAction":[{"@type":"SearchAction","target":{"@type":"EntryPoint","urlTemplate":"https:\/\/neusestrada.com\/es\/?s={search_term_string}"},"query-input":{"@type":"PropertyValueSpecification","valueRequired":true,"valueName":"search_term_string"}}],"inLanguage":"es"},{"@type":"Organization","@id":"https:\/\/neusestrada.com\/es\/#organization","name":"Neus Estrada","url":"https:\/\/neusestrada.com\/es\/","logo":{"@type":"ImageObject","inLanguage":"es","@id":"https:\/\/neusestrada.com\/es\/#\/schema\/logo\/image\/","url":"https:\/\/neusestrada.com\/wp-content\/uploads\/2024\/01\/Logo.svg","contentUrl":"https:\/\/neusestrada.com\/wp-content\/uploads\/2024\/01\/Logo.svg","width":140,"height":74,"caption":"Neus Estrada"},"image":{"@id":"https:\/\/neusestrada.com\/es\/#\/schema\/logo\/image\/"}},{"@type":"Person","@id":"https:\/\/neusestrada.com\/es\/#\/schema\/person\/d377cb36586c29e7b0109edd483eee07","name":"Neus","image":{"@type":"ImageObject","inLanguage":"es","@id":"https:\/\/secure.gravatar.com\/avatar\/3ce27c47c893a390959cb99e7fa891586c1d31a9e8d27df842704e80af5ec380?s=96&d=mm&r=g","url":"https:\/\/secure.gravatar.com\/avatar\/3ce27c47c893a390959cb99e7fa891586c1d31a9e8d27df842704e80af5ec380?s=96&d=mm&r=g","contentUrl":"https:\/\/secure.gravatar.com\/avatar\/3ce27c47c893a390959cb99e7fa891586c1d31a9e8d27df842704e80af5ec380?s=96&d=mm&r=g","caption":"Neus"},"url":"https:\/\/neusestrada.com\/es\/author\/neus\/"}]}},"_links":{"self":[{"href":"https:\/\/neusestrada.com\/es\/wp-json\/wp\/v2\/posts\/2538","targetHints":{"allow":["GET"]}}],"collection":[{"href":"https:\/\/neusestrada.com\/es\/wp-json\/wp\/v2\/posts"}],"about":[{"href":"https:\/\/neusestrada.com\/es\/wp-json\/wp\/v2\/types\/post"}],"author":[{"embeddable":true,"href":"https:\/\/neusestrada.com\/es\/wp-json\/wp\/v2\/users\/3"}],"replies":[{"embeddable":true,"href":"https:\/\/neusestrada.com\/es\/wp-json\/wp\/v2\/comments?post=2538"}],"version-history":[{"count":0,"href":"https:\/\/neusestrada.com\/es\/wp-json\/wp\/v2\/posts\/2538\/revisions"}],"wp:featuredmedia":[{"embeddable":true,"href":"https:\/\/neusestrada.com\/es\/wp-json\/wp\/v2\/media\/2468"}],"wp:attachment":[{"href":"https:\/\/neusestrada.com\/es\/wp-json\/wp\/v2\/media?parent=2538"}],"wp:term":[{"taxonomy":"category","embeddable":true,"href":"https:\/\/neusestrada.com\/es\/wp-json\/wp\/v2\/categories?post=2538"},{"taxonomy":"post_tag","embeddable":true,"href":"https:\/\/neusestrada.com\/es\/wp-json\/wp\/v2\/tags?post=2538"}],"curies":[{"name":"wp","href":"https:\/\/api.w.org\/{rel}","templated":true}]}}