{"id":2540,"date":"2016-09-11T21:05:27","date_gmt":"2016-09-11T20:05:27","guid":{"rendered":"https:\/\/neusestrada.com\/conectar-volver-al-vientre\/"},"modified":"2016-09-11T21:05:27","modified_gmt":"2016-09-11T20:05:27","slug":"conectar-volver-al-vientre","status":"publish","type":"post","link":"https:\/\/neusestrada.com\/es\/conectar-volver-al-vientre\/","title":{"rendered":"Conectar&#8230; \u00a1Volver al vientre!"},"content":{"rendered":"<figure id=\"attachment_666\" aria-describedby=\"caption-attachment-666\" style=\"width: 217px\" class=\"wp-caption alignright\"><img fetchpriority=\"high\" decoding=\"async\" class=\"alignnone wp-image-666\" src=\"https:\/\/llunadellumdotcom.files.wordpress.com\/2016\/08\/embarc3a0s-lluna-de-llum-neus-estrada-carreras.jpg\" alt=\"Embar\u00e0s - Lluna de Llum - Neus Estrada Carreras\" width=\"217\" height=\"309\"><figcaption id=\"caption-attachment-666\" class=\"wp-caption-text\">Arte: Annelie Solis<\/figcaption><\/figure>\n<p style=\"text-align:justify;\">Cuando era ni\u00f1a, a menudo, si ten\u00eda alg\u00fan problema o situaci\u00f3n que me hac\u00eda sentir mal o vulnerable, mi madre abr\u00eda los brazos, me abrazaba y me dec\u00eda: \u00bf <strong>Quieres volver al vientre?<\/strong> <strong>Nos fund\u00edamos juntas, cerraba los ojos, me colocaba a la altura del vientre acurrucada entre sus brazos y el mundo se deten\u00eda.<\/strong> En ese preciso instante no hab\u00eda nada m\u00e1s que la perfecta uni\u00f3n y se desvanec\u00edan todas las preocupaciones de ni\u00f1a.<\/p>\n<p style=\"text-align:justify;\">Ahora, ya madre, he hecho este ejercicio con mis hijos y puedo decir que revivo cada segundo de paz entre los brazos de mi madre. <strong>Y al mismo tiempo siento que conecto con mi hija o mi hijo en instantes de amor y fusi\u00f3n sanadores.<\/strong><\/p>\n<p style=\"text-align:justify;\">Que por muchas generaciones nos acompa\u00f1e este \u00fatero sagrado que nos protege, nos acoge, nos mece y nos ama.<\/p>\n<p style=\"text-align:justify;\">Y que este Amor tan grande que nos despierta ser madres llene la Madre Tierra de gozo.<\/p>\n<p style=\"text-align:justify;\">\u00bfY ustedes? \u00bfVuelven al vientre? \u00bfTe animas a compartir c\u00f3mo conectas t\u00fa con los tuyos?  <\/p>\n","protected":false},"excerpt":{"rendered":"<p>Cuando era ni\u00f1a, a menudo, si ten\u00eda alg\u00fan problema o situaci\u00f3n que me hac\u00eda sentir mal o vulnerable, mi madre abr\u00eda los brazos, me abrazaba y me dec\u00eda: \u00bf Quieres volver al vientre? Nos fund\u00edamos juntas, cerraba los ojos, me colocaba a la altura del vientre acurrucada entre sus brazos y el mundo se deten\u00eda. [&hellip;]<\/p>\n","protected":false},"author":3,"featured_media":2492,"comment_status":"closed","ping_status":"closed","sticky":false,"template":"","format":"standard","meta":{"footnotes":""},"categories":[53],"tags":[],"class_list":["post-2540","post","type-post","status-publish","format-standard","has-post-thumbnail","hentry","category-sin-categoria-es"],"yoast_head":"<!-- This site is optimized with the Yoast SEO plugin v27.2 - https:\/\/yoast.com\/product\/yoast-seo-wordpress\/ -->\n<title>Conectar... \u00a1Volver al vientre! - Neus Estrada<\/title>\n<meta name=\"robots\" content=\"index, follow, max-snippet:-1, max-image-preview:large, max-video-preview:-1\" \/>\n<link rel=\"canonical\" href=\"https:\/\/neusestrada.com\/es\/conectar-volver-al-vientre\/\" \/>\n<meta property=\"og:locale\" content=\"es_ES\" \/>\n<meta property=\"og:type\" content=\"article\" \/>\n<meta property=\"og:title\" content=\"Conectar... \u00a1Volver al vientre! - Neus Estrada\" \/>\n<meta property=\"og:description\" content=\"Cuando era ni\u00f1a, a menudo, si ten\u00eda alg\u00fan problema o situaci\u00f3n que me hac\u00eda sentir mal o vulnerable, mi madre abr\u00eda los brazos, me abrazaba y me dec\u00eda: \u00bf Quieres volver al vientre? Nos fund\u00edamos juntas, cerraba los ojos, me colocaba a la altura del vientre acurrucada entre sus brazos y el mundo se deten\u00eda. [&hellip;]\" \/>\n<meta property=\"og:url\" content=\"https:\/\/neusestrada.com\/es\/conectar-volver-al-vientre\/\" \/>\n<meta property=\"og:site_name\" content=\"Neus Estrada\" \/>\n<meta property=\"article:published_time\" content=\"2016-09-11T20:05:27+00:00\" \/>\n<meta property=\"og:image\" content=\"https:\/\/llunadellumdotcom.files.wordpress.com\/2016\/08\/embarc3a0s-lluna-de-llum-neus-estrada-carreras.jpg\" \/>\n<meta name=\"author\" content=\"Neus\" \/>\n<meta name=\"twitter:card\" content=\"summary_large_image\" \/>\n<meta name=\"twitter:label1\" content=\"Escrito por\" \/>\n\t<meta name=\"twitter:data1\" content=\"Neus\" \/>\n\t<meta name=\"twitter:label2\" content=\"Tiempo de lectura\" \/>\n\t<meta name=\"twitter:data2\" content=\"1 minuto\" \/>\n<script type=\"application\/ld+json\" class=\"yoast-schema-graph\">{\"@context\":\"https:\/\/schema.org\",\"@graph\":[{\"@type\":\"Article\",\"@id\":\"https:\/\/neusestrada.com\/es\/conectar-volver-al-vientre\/#article\",\"isPartOf\":{\"@id\":\"https:\/\/neusestrada.com\/es\/conectar-volver-al-vientre\/\"},\"author\":{\"name\":\"Neus\",\"@id\":\"https:\/\/neusestrada.com\/es\/#\/schema\/person\/d377cb36586c29e7b0109edd483eee07\"},\"headline\":\"Conectar&#8230; \u00a1Volver al vientre!\",\"datePublished\":\"2016-09-11T20:05:27+00:00\",\"mainEntityOfPage\":{\"@id\":\"https:\/\/neusestrada.com\/es\/conectar-volver-al-vientre\/\"},\"wordCount\":201,\"publisher\":{\"@id\":\"https:\/\/neusestrada.com\/es\/#organization\"},\"image\":{\"@id\":\"https:\/\/neusestrada.com\/es\/conectar-volver-al-vientre\/#primaryimage\"},\"thumbnailUrl\":\"https:\/\/neusestrada.com\/wp-content\/uploads\/2016\/09\/arte-sarah-smiles-lluna-de-llum-neus-estrada-carreras-300x300.jpg\",\"inLanguage\":\"es\"},{\"@type\":\"WebPage\",\"@id\":\"https:\/\/neusestrada.com\/es\/conectar-volver-al-vientre\/\",\"url\":\"https:\/\/neusestrada.com\/es\/conectar-volver-al-vientre\/\",\"name\":\"Conectar... \u00a1Volver al vientre! - Neus Estrada\",\"isPartOf\":{\"@id\":\"https:\/\/neusestrada.com\/es\/#website\"},\"primaryImageOfPage\":{\"@id\":\"https:\/\/neusestrada.com\/es\/conectar-volver-al-vientre\/#primaryimage\"},\"image\":{\"@id\":\"https:\/\/neusestrada.com\/es\/conectar-volver-al-vientre\/#primaryimage\"},\"thumbnailUrl\":\"https:\/\/neusestrada.com\/wp-content\/uploads\/2016\/09\/arte-sarah-smiles-lluna-de-llum-neus-estrada-carreras-300x300.jpg\",\"datePublished\":\"2016-09-11T20:05:27+00:00\",\"breadcrumb\":{\"@id\":\"https:\/\/neusestrada.com\/es\/conectar-volver-al-vientre\/#breadcrumb\"},\"inLanguage\":\"es\",\"potentialAction\":[{\"@type\":\"ReadAction\",\"target\":[\"https:\/\/neusestrada.com\/es\/conectar-volver-al-vientre\/\"]}]},{\"@type\":\"ImageObject\",\"inLanguage\":\"es\",\"@id\":\"https:\/\/neusestrada.com\/es\/conectar-volver-al-vientre\/#primaryimage\",\"url\":\"https:\/\/neusestrada.com\/wp-content\/uploads\/2016\/09\/arte-sarah-smiles-lluna-de-llum-neus-estrada-carreras-300x300.jpg\",\"contentUrl\":\"https:\/\/neusestrada.com\/wp-content\/uploads\/2016\/09\/arte-sarah-smiles-lluna-de-llum-neus-estrada-carreras-300x300.jpg\",\"width\":300,\"height\":300},{\"@type\":\"BreadcrumbList\",\"@id\":\"https:\/\/neusestrada.com\/es\/conectar-volver-al-vientre\/#breadcrumb\",\"itemListElement\":[{\"@type\":\"ListItem\",\"position\":1,\"name\":\"Inici\",\"item\":\"https:\/\/neusestrada.com\/es\/home\/\"},{\"@type\":\"ListItem\",\"position\":2,\"name\":\"Conectar&#8230; \u00a1Volver al vientre!\"}]},{\"@type\":\"WebSite\",\"@id\":\"https:\/\/neusestrada.com\/es\/#website\",\"url\":\"https:\/\/neusestrada.com\/es\/\",\"name\":\"Neus Estrada\",\"description\":\"Psicologia en femen\u00ed\",\"publisher\":{\"@id\":\"https:\/\/neusestrada.com\/es\/#organization\"},\"potentialAction\":[{\"@type\":\"SearchAction\",\"target\":{\"@type\":\"EntryPoint\",\"urlTemplate\":\"https:\/\/neusestrada.com\/es\/?s={search_term_string}\"},\"query-input\":{\"@type\":\"PropertyValueSpecification\",\"valueRequired\":true,\"valueName\":\"search_term_string\"}}],\"inLanguage\":\"es\"},{\"@type\":\"Organization\",\"@id\":\"https:\/\/neusestrada.com\/es\/#organization\",\"name\":\"Neus Estrada\",\"url\":\"https:\/\/neusestrada.com\/es\/\",\"logo\":{\"@type\":\"ImageObject\",\"inLanguage\":\"es\",\"@id\":\"https:\/\/neusestrada.com\/es\/#\/schema\/logo\/image\/\",\"url\":\"https:\/\/neusestrada.com\/wp-content\/uploads\/2024\/01\/Logo.svg\",\"contentUrl\":\"https:\/\/neusestrada.com\/wp-content\/uploads\/2024\/01\/Logo.svg\",\"width\":140,\"height\":74,\"caption\":\"Neus Estrada\"},\"image\":{\"@id\":\"https:\/\/neusestrada.com\/es\/#\/schema\/logo\/image\/\"}},{\"@type\":\"Person\",\"@id\":\"https:\/\/neusestrada.com\/es\/#\/schema\/person\/d377cb36586c29e7b0109edd483eee07\",\"name\":\"Neus\",\"image\":{\"@type\":\"ImageObject\",\"inLanguage\":\"es\",\"@id\":\"https:\/\/secure.gravatar.com\/avatar\/3ce27c47c893a390959cb99e7fa891586c1d31a9e8d27df842704e80af5ec380?s=96&d=mm&r=g\",\"url\":\"https:\/\/secure.gravatar.com\/avatar\/3ce27c47c893a390959cb99e7fa891586c1d31a9e8d27df842704e80af5ec380?s=96&d=mm&r=g\",\"contentUrl\":\"https:\/\/secure.gravatar.com\/avatar\/3ce27c47c893a390959cb99e7fa891586c1d31a9e8d27df842704e80af5ec380?s=96&d=mm&r=g\",\"caption\":\"Neus\"},\"url\":\"https:\/\/neusestrada.com\/es\/author\/neus\/\"}]}<\/script>\n<!-- \/ Yoast SEO plugin. -->","yoast_head_json":{"title":"Conectar... \u00a1Volver al vientre! - Neus Estrada","robots":{"index":"index","follow":"follow","max-snippet":"max-snippet:-1","max-image-preview":"max-image-preview:large","max-video-preview":"max-video-preview:-1"},"canonical":"https:\/\/neusestrada.com\/es\/conectar-volver-al-vientre\/","og_locale":"es_ES","og_type":"article","og_title":"Conectar... \u00a1Volver al vientre! - Neus Estrada","og_description":"Cuando era ni\u00f1a, a menudo, si ten\u00eda alg\u00fan problema o situaci\u00f3n que me hac\u00eda sentir mal o vulnerable, mi madre abr\u00eda los brazos, me abrazaba y me dec\u00eda: \u00bf Quieres volver al vientre? Nos fund\u00edamos juntas, cerraba los ojos, me colocaba a la altura del vientre acurrucada entre sus brazos y el mundo se deten\u00eda. [&hellip;]","og_url":"https:\/\/neusestrada.com\/es\/conectar-volver-al-vientre\/","og_site_name":"Neus Estrada","article_published_time":"2016-09-11T20:05:27+00:00","og_image":[{"url":"https:\/\/llunadellumdotcom.files.wordpress.com\/2016\/08\/embarc3a0s-lluna-de-llum-neus-estrada-carreras.jpg","type":"","width":"","height":""}],"author":"Neus","twitter_card":"summary_large_image","twitter_misc":{"Escrito por":"Neus","Tiempo de lectura":"1 minuto"},"schema":{"@context":"https:\/\/schema.org","@graph":[{"@type":"Article","@id":"https:\/\/neusestrada.com\/es\/conectar-volver-al-vientre\/#article","isPartOf":{"@id":"https:\/\/neusestrada.com\/es\/conectar-volver-al-vientre\/"},"author":{"name":"Neus","@id":"https:\/\/neusestrada.com\/es\/#\/schema\/person\/d377cb36586c29e7b0109edd483eee07"},"headline":"Conectar&#8230; \u00a1Volver al vientre!","datePublished":"2016-09-11T20:05:27+00:00","mainEntityOfPage":{"@id":"https:\/\/neusestrada.com\/es\/conectar-volver-al-vientre\/"},"wordCount":201,"publisher":{"@id":"https:\/\/neusestrada.com\/es\/#organization"},"image":{"@id":"https:\/\/neusestrada.com\/es\/conectar-volver-al-vientre\/#primaryimage"},"thumbnailUrl":"https:\/\/neusestrada.com\/wp-content\/uploads\/2016\/09\/arte-sarah-smiles-lluna-de-llum-neus-estrada-carreras-300x300.jpg","inLanguage":"es"},{"@type":"WebPage","@id":"https:\/\/neusestrada.com\/es\/conectar-volver-al-vientre\/","url":"https:\/\/neusestrada.com\/es\/conectar-volver-al-vientre\/","name":"Conectar... \u00a1Volver al vientre! - Neus Estrada","isPartOf":{"@id":"https:\/\/neusestrada.com\/es\/#website"},"primaryImageOfPage":{"@id":"https:\/\/neusestrada.com\/es\/conectar-volver-al-vientre\/#primaryimage"},"image":{"@id":"https:\/\/neusestrada.com\/es\/conectar-volver-al-vientre\/#primaryimage"},"thumbnailUrl":"https:\/\/neusestrada.com\/wp-content\/uploads\/2016\/09\/arte-sarah-smiles-lluna-de-llum-neus-estrada-carreras-300x300.jpg","datePublished":"2016-09-11T20:05:27+00:00","breadcrumb":{"@id":"https:\/\/neusestrada.com\/es\/conectar-volver-al-vientre\/#breadcrumb"},"inLanguage":"es","potentialAction":[{"@type":"ReadAction","target":["https:\/\/neusestrada.com\/es\/conectar-volver-al-vientre\/"]}]},{"@type":"ImageObject","inLanguage":"es","@id":"https:\/\/neusestrada.com\/es\/conectar-volver-al-vientre\/#primaryimage","url":"https:\/\/neusestrada.com\/wp-content\/uploads\/2016\/09\/arte-sarah-smiles-lluna-de-llum-neus-estrada-carreras-300x300.jpg","contentUrl":"https:\/\/neusestrada.com\/wp-content\/uploads\/2016\/09\/arte-sarah-smiles-lluna-de-llum-neus-estrada-carreras-300x300.jpg","width":300,"height":300},{"@type":"BreadcrumbList","@id":"https:\/\/neusestrada.com\/es\/conectar-volver-al-vientre\/#breadcrumb","itemListElement":[{"@type":"ListItem","position":1,"name":"Inici","item":"https:\/\/neusestrada.com\/es\/home\/"},{"@type":"ListItem","position":2,"name":"Conectar&#8230; \u00a1Volver al vientre!"}]},{"@type":"WebSite","@id":"https:\/\/neusestrada.com\/es\/#website","url":"https:\/\/neusestrada.com\/es\/","name":"Neus Estrada","description":"Psicologia en femen\u00ed","publisher":{"@id":"https:\/\/neusestrada.com\/es\/#organization"},"potentialAction":[{"@type":"SearchAction","target":{"@type":"EntryPoint","urlTemplate":"https:\/\/neusestrada.com\/es\/?s={search_term_string}"},"query-input":{"@type":"PropertyValueSpecification","valueRequired":true,"valueName":"search_term_string"}}],"inLanguage":"es"},{"@type":"Organization","@id":"https:\/\/neusestrada.com\/es\/#organization","name":"Neus Estrada","url":"https:\/\/neusestrada.com\/es\/","logo":{"@type":"ImageObject","inLanguage":"es","@id":"https:\/\/neusestrada.com\/es\/#\/schema\/logo\/image\/","url":"https:\/\/neusestrada.com\/wp-content\/uploads\/2024\/01\/Logo.svg","contentUrl":"https:\/\/neusestrada.com\/wp-content\/uploads\/2024\/01\/Logo.svg","width":140,"height":74,"caption":"Neus Estrada"},"image":{"@id":"https:\/\/neusestrada.com\/es\/#\/schema\/logo\/image\/"}},{"@type":"Person","@id":"https:\/\/neusestrada.com\/es\/#\/schema\/person\/d377cb36586c29e7b0109edd483eee07","name":"Neus","image":{"@type":"ImageObject","inLanguage":"es","@id":"https:\/\/secure.gravatar.com\/avatar\/3ce27c47c893a390959cb99e7fa891586c1d31a9e8d27df842704e80af5ec380?s=96&d=mm&r=g","url":"https:\/\/secure.gravatar.com\/avatar\/3ce27c47c893a390959cb99e7fa891586c1d31a9e8d27df842704e80af5ec380?s=96&d=mm&r=g","contentUrl":"https:\/\/secure.gravatar.com\/avatar\/3ce27c47c893a390959cb99e7fa891586c1d31a9e8d27df842704e80af5ec380?s=96&d=mm&r=g","caption":"Neus"},"url":"https:\/\/neusestrada.com\/es\/author\/neus\/"}]}},"_links":{"self":[{"href":"https:\/\/neusestrada.com\/es\/wp-json\/wp\/v2\/posts\/2540","targetHints":{"allow":["GET"]}}],"collection":[{"href":"https:\/\/neusestrada.com\/es\/wp-json\/wp\/v2\/posts"}],"about":[{"href":"https:\/\/neusestrada.com\/es\/wp-json\/wp\/v2\/types\/post"}],"author":[{"embeddable":true,"href":"https:\/\/neusestrada.com\/es\/wp-json\/wp\/v2\/users\/3"}],"replies":[{"embeddable":true,"href":"https:\/\/neusestrada.com\/es\/wp-json\/wp\/v2\/comments?post=2540"}],"version-history":[{"count":0,"href":"https:\/\/neusestrada.com\/es\/wp-json\/wp\/v2\/posts\/2540\/revisions"}],"wp:featuredmedia":[{"embeddable":true,"href":"https:\/\/neusestrada.com\/es\/wp-json\/wp\/v2\/media\/2492"}],"wp:attachment":[{"href":"https:\/\/neusestrada.com\/es\/wp-json\/wp\/v2\/media?parent=2540"}],"wp:term":[{"taxonomy":"category","embeddable":true,"href":"https:\/\/neusestrada.com\/es\/wp-json\/wp\/v2\/categories?post=2540"},{"taxonomy":"post_tag","embeddable":true,"href":"https:\/\/neusestrada.com\/es\/wp-json\/wp\/v2\/tags?post=2540"}],"curies":[{"name":"wp","href":"https:\/\/api.w.org\/{rel}","templated":true}]}}