{"id":2543,"date":"2016-01-22T09:12:04","date_gmt":"2016-01-22T08:12:04","guid":{"rendered":"https:\/\/neusestrada.com\/darte-a-luz\/"},"modified":"2016-01-22T09:12:04","modified_gmt":"2016-01-22T08:12:04","slug":"darte-a-luz","status":"publish","type":"post","link":"https:\/\/neusestrada.com\/es\/darte-a-luz\/","title":{"rendered":"Darte a luz"},"content":{"rendered":"<p style=\"text-align: justify;\"><img fetchpriority=\"high\" decoding=\"async\" class=\" size-full wp-image-423 alignleft\" src=\"https:\/\/neusestrada.com\/wp-content\/uploads\/2016\/01\/parir-te-lluna-de-llum2.jpg\" alt=\"Parir-te - Lluna de Llum\" width=\"259\" height=\"402\">Hay momentos vitales que hay que vivir. Hay momentos vitales que la biolog\u00eda ha definido como ritos de paso para prepararnos y hacernos crecer para lo que viene. Uno de ellos es el parto.  <\/p>\n<p style=\"text-align: justify;\">El parto es un momento para sentir, llenarse de energ\u00eda y expandirse como pocas experiencias vitales permiten. Es una danza perfecta que orquesta cuerpo, mente y alma y que consigue, como nunca, que cada uno est\u00e9 en su lugar y en equilibrio para que ocurra el milagro: el nacimiento. <\/p>\n<p style=\"text-align: justify;\">En el parto, parece que el fin es que nazca una criatura, pero nos perdemos. El tr\u00e1nsito y camino hacia el nacimiento est\u00e1 dise\u00f1ado para que antes incluso del nacimiento, nazca la madre. S\u00ed, antes de que la criatura nazca, nace la madre. El embarazo, la gestaci\u00f3n y el parto le permiten nacer junto a su hijo.   <\/p>\n<p style=\"text-align: justify;\"><strong>El parto abre las puertas del infinito, de todos los misterios de la vida, de las sombras m\u00e1s oscuras y a la luz m\u00e1s poderosa y divina.<\/strong><\/p>\n<p style=\"text-align: justify;\"><strong>Y mientras la danza avanza, si la madre se resiste, la clave permanece en su alma. Pero cuando se abandona a los secretos del ritmo y la danza que los ancestros tocan, el mundo se detiene y se abre la puerta a una dimensi\u00f3n infinita, m\u00e1gica, atemporal, femenina, sinuosa, sutil, poderosa y que escapa a toda l\u00f3gica. <\/strong><\/p>\n<p style=\"text-align: justify;\">Y es aqu\u00ed donde poco a poco se desencadenan los milagros. Cuando el todo se apodera de los dos seres abraz\u00e1ndolos para que se sientan fundidos en la unidad. Cuando el abandono es tan grande que la mente ya no juega ning\u00fan papel en este baile\u2026 Madre e hijo, nacen.   <\/p>\n<p style=\"text-align: justify;\">Nace un hijo divino a una nueva vida.<\/p>\n<p style=\"text-align: justify;\">Nace una nueva madre que se sabe capaz de todo, fuerte, conectada, divina y perfecta.<\/p>\n<p style=\"text-align: justify;\">Nace, una familia empoderada.<\/p>\n","protected":false},"excerpt":{"rendered":"<p>Hay momentos vitales que hay que vivir. Hay momentos vitales que la biolog\u00eda ha definido como ritos de paso para prepararnos y hacernos crecer para lo que viene. Uno de ellos es el parto. El parto es un momento para sentir, llenarse de energ\u00eda y expandirse como pocas experiencias vitales permiten. Es una danza perfecta [&hellip;]<\/p>\n","protected":false},"author":3,"featured_media":2504,"comment_status":"closed","ping_status":"closed","sticky":false,"template":"","format":"standard","meta":{"footnotes":""},"categories":[53],"tags":[],"class_list":["post-2543","post","type-post","status-publish","format-standard","has-post-thumbnail","hentry","category-sin-categoria-es"],"yoast_head":"<!-- This site is optimized with the Yoast SEO plugin v27.2 - https:\/\/yoast.com\/product\/yoast-seo-wordpress\/ -->\n<title>Darte a luz - Neus Estrada<\/title>\n<meta name=\"robots\" content=\"index, follow, max-snippet:-1, max-image-preview:large, max-video-preview:-1\" \/>\n<link rel=\"canonical\" href=\"https:\/\/neusestrada.com\/es\/darte-a-luz\/\" \/>\n<meta property=\"og:locale\" content=\"es_ES\" \/>\n<meta property=\"og:type\" content=\"article\" \/>\n<meta property=\"og:title\" content=\"Darte a luz - Neus Estrada\" \/>\n<meta property=\"og:description\" content=\"Hay momentos vitales que hay que vivir. Hay momentos vitales que la biolog\u00eda ha definido como ritos de paso para prepararnos y hacernos crecer para lo que viene. Uno de ellos es el parto. El parto es un momento para sentir, llenarse de energ\u00eda y expandirse como pocas experiencias vitales permiten. Es una danza perfecta [&hellip;]\" \/>\n<meta property=\"og:url\" content=\"https:\/\/neusestrada.com\/es\/darte-a-luz\/\" \/>\n<meta property=\"og:site_name\" content=\"Neus Estrada\" \/>\n<meta property=\"article:published_time\" content=\"2016-01-22T08:12:04+00:00\" \/>\n<meta property=\"og:image\" content=\"https:\/\/neusestrada.com\/wp-content\/uploads\/2016\/01\/parir-te-lluna-de-llum2-193x300.jpg\" \/>\n\t<meta property=\"og:image:width\" content=\"193\" \/>\n\t<meta property=\"og:image:height\" content=\"300\" \/>\n\t<meta property=\"og:image:type\" content=\"image\/jpeg\" \/>\n<meta name=\"author\" content=\"Neus\" \/>\n<meta name=\"twitter:card\" content=\"summary_large_image\" \/>\n<meta name=\"twitter:label1\" content=\"Escrito por\" \/>\n\t<meta name=\"twitter:data1\" content=\"Neus\" \/>\n\t<meta name=\"twitter:label2\" content=\"Tiempo de lectura\" \/>\n\t<meta name=\"twitter:data2\" content=\"2 minutos\" \/>\n<script type=\"application\/ld+json\" class=\"yoast-schema-graph\">{\"@context\":\"https:\/\/schema.org\",\"@graph\":[{\"@type\":\"Article\",\"@id\":\"https:\/\/neusestrada.com\/es\/darte-a-luz\/#article\",\"isPartOf\":{\"@id\":\"https:\/\/neusestrada.com\/es\/darte-a-luz\/\"},\"author\":{\"name\":\"Neus\",\"@id\":\"https:\/\/neusestrada.com\/es\/#\/schema\/person\/d377cb36586c29e7b0109edd483eee07\"},\"headline\":\"Darte a luz\",\"datePublished\":\"2016-01-22T08:12:04+00:00\",\"mainEntityOfPage\":{\"@id\":\"https:\/\/neusestrada.com\/es\/darte-a-luz\/\"},\"wordCount\":316,\"publisher\":{\"@id\":\"https:\/\/neusestrada.com\/es\/#organization\"},\"image\":{\"@id\":\"https:\/\/neusestrada.com\/es\/darte-a-luz\/#primaryimage\"},\"thumbnailUrl\":\"https:\/\/neusestrada.com\/wp-content\/uploads\/2016\/01\/parir-te-lluna-de-llum2-193x300.jpg\",\"inLanguage\":\"es\"},{\"@type\":\"WebPage\",\"@id\":\"https:\/\/neusestrada.com\/es\/darte-a-luz\/\",\"url\":\"https:\/\/neusestrada.com\/es\/darte-a-luz\/\",\"name\":\"Darte a luz - Neus Estrada\",\"isPartOf\":{\"@id\":\"https:\/\/neusestrada.com\/es\/#website\"},\"primaryImageOfPage\":{\"@id\":\"https:\/\/neusestrada.com\/es\/darte-a-luz\/#primaryimage\"},\"image\":{\"@id\":\"https:\/\/neusestrada.com\/es\/darte-a-luz\/#primaryimage\"},\"thumbnailUrl\":\"https:\/\/neusestrada.com\/wp-content\/uploads\/2016\/01\/parir-te-lluna-de-llum2-193x300.jpg\",\"datePublished\":\"2016-01-22T08:12:04+00:00\",\"breadcrumb\":{\"@id\":\"https:\/\/neusestrada.com\/es\/darte-a-luz\/#breadcrumb\"},\"inLanguage\":\"es\",\"potentialAction\":[{\"@type\":\"ReadAction\",\"target\":[\"https:\/\/neusestrada.com\/es\/darte-a-luz\/\"]}]},{\"@type\":\"ImageObject\",\"inLanguage\":\"es\",\"@id\":\"https:\/\/neusestrada.com\/es\/darte-a-luz\/#primaryimage\",\"url\":\"https:\/\/neusestrada.com\/wp-content\/uploads\/2016\/01\/parir-te-lluna-de-llum2-193x300.jpg\",\"contentUrl\":\"https:\/\/neusestrada.com\/wp-content\/uploads\/2016\/01\/parir-te-lluna-de-llum2-193x300.jpg\",\"width\":193,\"height\":300},{\"@type\":\"BreadcrumbList\",\"@id\":\"https:\/\/neusestrada.com\/es\/darte-a-luz\/#breadcrumb\",\"itemListElement\":[{\"@type\":\"ListItem\",\"position\":1,\"name\":\"Inici\",\"item\":\"https:\/\/neusestrada.com\/es\/home\/\"},{\"@type\":\"ListItem\",\"position\":2,\"name\":\"Darte a luz\"}]},{\"@type\":\"WebSite\",\"@id\":\"https:\/\/neusestrada.com\/es\/#website\",\"url\":\"https:\/\/neusestrada.com\/es\/\",\"name\":\"Neus Estrada\",\"description\":\"Psicologia en femen\u00ed\",\"publisher\":{\"@id\":\"https:\/\/neusestrada.com\/es\/#organization\"},\"potentialAction\":[{\"@type\":\"SearchAction\",\"target\":{\"@type\":\"EntryPoint\",\"urlTemplate\":\"https:\/\/neusestrada.com\/es\/?s={search_term_string}\"},\"query-input\":{\"@type\":\"PropertyValueSpecification\",\"valueRequired\":true,\"valueName\":\"search_term_string\"}}],\"inLanguage\":\"es\"},{\"@type\":\"Organization\",\"@id\":\"https:\/\/neusestrada.com\/es\/#organization\",\"name\":\"Neus Estrada\",\"url\":\"https:\/\/neusestrada.com\/es\/\",\"logo\":{\"@type\":\"ImageObject\",\"inLanguage\":\"es\",\"@id\":\"https:\/\/neusestrada.com\/es\/#\/schema\/logo\/image\/\",\"url\":\"https:\/\/neusestrada.com\/wp-content\/uploads\/2024\/01\/Logo.svg\",\"contentUrl\":\"https:\/\/neusestrada.com\/wp-content\/uploads\/2024\/01\/Logo.svg\",\"width\":140,\"height\":74,\"caption\":\"Neus Estrada\"},\"image\":{\"@id\":\"https:\/\/neusestrada.com\/es\/#\/schema\/logo\/image\/\"}},{\"@type\":\"Person\",\"@id\":\"https:\/\/neusestrada.com\/es\/#\/schema\/person\/d377cb36586c29e7b0109edd483eee07\",\"name\":\"Neus\",\"image\":{\"@type\":\"ImageObject\",\"inLanguage\":\"es\",\"@id\":\"https:\/\/secure.gravatar.com\/avatar\/3ce27c47c893a390959cb99e7fa891586c1d31a9e8d27df842704e80af5ec380?s=96&d=mm&r=g\",\"url\":\"https:\/\/secure.gravatar.com\/avatar\/3ce27c47c893a390959cb99e7fa891586c1d31a9e8d27df842704e80af5ec380?s=96&d=mm&r=g\",\"contentUrl\":\"https:\/\/secure.gravatar.com\/avatar\/3ce27c47c893a390959cb99e7fa891586c1d31a9e8d27df842704e80af5ec380?s=96&d=mm&r=g\",\"caption\":\"Neus\"},\"url\":\"https:\/\/neusestrada.com\/es\/author\/neus\/\"}]}<\/script>\n<!-- \/ Yoast SEO plugin. -->","yoast_head_json":{"title":"Darte a luz - Neus Estrada","robots":{"index":"index","follow":"follow","max-snippet":"max-snippet:-1","max-image-preview":"max-image-preview:large","max-video-preview":"max-video-preview:-1"},"canonical":"https:\/\/neusestrada.com\/es\/darte-a-luz\/","og_locale":"es_ES","og_type":"article","og_title":"Darte a luz - Neus Estrada","og_description":"Hay momentos vitales que hay que vivir. Hay momentos vitales que la biolog\u00eda ha definido como ritos de paso para prepararnos y hacernos crecer para lo que viene. Uno de ellos es el parto. El parto es un momento para sentir, llenarse de energ\u00eda y expandirse como pocas experiencias vitales permiten. Es una danza perfecta [&hellip;]","og_url":"https:\/\/neusestrada.com\/es\/darte-a-luz\/","og_site_name":"Neus Estrada","article_published_time":"2016-01-22T08:12:04+00:00","og_image":[{"width":193,"height":300,"url":"https:\/\/neusestrada.com\/wp-content\/uploads\/2016\/01\/parir-te-lluna-de-llum2-193x300.jpg","type":"image\/jpeg"}],"author":"Neus","twitter_card":"summary_large_image","twitter_misc":{"Escrito por":"Neus","Tiempo de lectura":"2 minutos"},"schema":{"@context":"https:\/\/schema.org","@graph":[{"@type":"Article","@id":"https:\/\/neusestrada.com\/es\/darte-a-luz\/#article","isPartOf":{"@id":"https:\/\/neusestrada.com\/es\/darte-a-luz\/"},"author":{"name":"Neus","@id":"https:\/\/neusestrada.com\/es\/#\/schema\/person\/d377cb36586c29e7b0109edd483eee07"},"headline":"Darte a luz","datePublished":"2016-01-22T08:12:04+00:00","mainEntityOfPage":{"@id":"https:\/\/neusestrada.com\/es\/darte-a-luz\/"},"wordCount":316,"publisher":{"@id":"https:\/\/neusestrada.com\/es\/#organization"},"image":{"@id":"https:\/\/neusestrada.com\/es\/darte-a-luz\/#primaryimage"},"thumbnailUrl":"https:\/\/neusestrada.com\/wp-content\/uploads\/2016\/01\/parir-te-lluna-de-llum2-193x300.jpg","inLanguage":"es"},{"@type":"WebPage","@id":"https:\/\/neusestrada.com\/es\/darte-a-luz\/","url":"https:\/\/neusestrada.com\/es\/darte-a-luz\/","name":"Darte a luz - Neus Estrada","isPartOf":{"@id":"https:\/\/neusestrada.com\/es\/#website"},"primaryImageOfPage":{"@id":"https:\/\/neusestrada.com\/es\/darte-a-luz\/#primaryimage"},"image":{"@id":"https:\/\/neusestrada.com\/es\/darte-a-luz\/#primaryimage"},"thumbnailUrl":"https:\/\/neusestrada.com\/wp-content\/uploads\/2016\/01\/parir-te-lluna-de-llum2-193x300.jpg","datePublished":"2016-01-22T08:12:04+00:00","breadcrumb":{"@id":"https:\/\/neusestrada.com\/es\/darte-a-luz\/#breadcrumb"},"inLanguage":"es","potentialAction":[{"@type":"ReadAction","target":["https:\/\/neusestrada.com\/es\/darte-a-luz\/"]}]},{"@type":"ImageObject","inLanguage":"es","@id":"https:\/\/neusestrada.com\/es\/darte-a-luz\/#primaryimage","url":"https:\/\/neusestrada.com\/wp-content\/uploads\/2016\/01\/parir-te-lluna-de-llum2-193x300.jpg","contentUrl":"https:\/\/neusestrada.com\/wp-content\/uploads\/2016\/01\/parir-te-lluna-de-llum2-193x300.jpg","width":193,"height":300},{"@type":"BreadcrumbList","@id":"https:\/\/neusestrada.com\/es\/darte-a-luz\/#breadcrumb","itemListElement":[{"@type":"ListItem","position":1,"name":"Inici","item":"https:\/\/neusestrada.com\/es\/home\/"},{"@type":"ListItem","position":2,"name":"Darte a luz"}]},{"@type":"WebSite","@id":"https:\/\/neusestrada.com\/es\/#website","url":"https:\/\/neusestrada.com\/es\/","name":"Neus Estrada","description":"Psicologia en femen\u00ed","publisher":{"@id":"https:\/\/neusestrada.com\/es\/#organization"},"potentialAction":[{"@type":"SearchAction","target":{"@type":"EntryPoint","urlTemplate":"https:\/\/neusestrada.com\/es\/?s={search_term_string}"},"query-input":{"@type":"PropertyValueSpecification","valueRequired":true,"valueName":"search_term_string"}}],"inLanguage":"es"},{"@type":"Organization","@id":"https:\/\/neusestrada.com\/es\/#organization","name":"Neus Estrada","url":"https:\/\/neusestrada.com\/es\/","logo":{"@type":"ImageObject","inLanguage":"es","@id":"https:\/\/neusestrada.com\/es\/#\/schema\/logo\/image\/","url":"https:\/\/neusestrada.com\/wp-content\/uploads\/2024\/01\/Logo.svg","contentUrl":"https:\/\/neusestrada.com\/wp-content\/uploads\/2024\/01\/Logo.svg","width":140,"height":74,"caption":"Neus Estrada"},"image":{"@id":"https:\/\/neusestrada.com\/es\/#\/schema\/logo\/image\/"}},{"@type":"Person","@id":"https:\/\/neusestrada.com\/es\/#\/schema\/person\/d377cb36586c29e7b0109edd483eee07","name":"Neus","image":{"@type":"ImageObject","inLanguage":"es","@id":"https:\/\/secure.gravatar.com\/avatar\/3ce27c47c893a390959cb99e7fa891586c1d31a9e8d27df842704e80af5ec380?s=96&d=mm&r=g","url":"https:\/\/secure.gravatar.com\/avatar\/3ce27c47c893a390959cb99e7fa891586c1d31a9e8d27df842704e80af5ec380?s=96&d=mm&r=g","contentUrl":"https:\/\/secure.gravatar.com\/avatar\/3ce27c47c893a390959cb99e7fa891586c1d31a9e8d27df842704e80af5ec380?s=96&d=mm&r=g","caption":"Neus"},"url":"https:\/\/neusestrada.com\/es\/author\/neus\/"}]}},"_links":{"self":[{"href":"https:\/\/neusestrada.com\/es\/wp-json\/wp\/v2\/posts\/2543","targetHints":{"allow":["GET"]}}],"collection":[{"href":"https:\/\/neusestrada.com\/es\/wp-json\/wp\/v2\/posts"}],"about":[{"href":"https:\/\/neusestrada.com\/es\/wp-json\/wp\/v2\/types\/post"}],"author":[{"embeddable":true,"href":"https:\/\/neusestrada.com\/es\/wp-json\/wp\/v2\/users\/3"}],"replies":[{"embeddable":true,"href":"https:\/\/neusestrada.com\/es\/wp-json\/wp\/v2\/comments?post=2543"}],"version-history":[{"count":0,"href":"https:\/\/neusestrada.com\/es\/wp-json\/wp\/v2\/posts\/2543\/revisions"}],"wp:featuredmedia":[{"embeddable":true,"href":"https:\/\/neusestrada.com\/es\/wp-json\/wp\/v2\/media\/2504"}],"wp:attachment":[{"href":"https:\/\/neusestrada.com\/es\/wp-json\/wp\/v2\/media?parent=2543"}],"wp:term":[{"taxonomy":"category","embeddable":true,"href":"https:\/\/neusestrada.com\/es\/wp-json\/wp\/v2\/categories?post=2543"},{"taxonomy":"post_tag","embeddable":true,"href":"https:\/\/neusestrada.com\/es\/wp-json\/wp\/v2\/tags?post=2543"}],"curies":[{"name":"wp","href":"https:\/\/api.w.org\/{rel}","templated":true}]}}