{"id":2545,"date":"2015-08-06T22:34:09","date_gmt":"2015-08-06T21:34:09","guid":{"rendered":"https:\/\/neusestrada.com\/los-versos-que-guian-mi-vida-desde-hace-algun-tiempo\/"},"modified":"2015-08-06T22:34:09","modified_gmt":"2015-08-06T21:34:09","slug":"los-versos-que-guian-mi-vida-desde-hace-algun-tiempo","status":"publish","type":"post","link":"https:\/\/neusestrada.com\/es\/los-versos-que-guian-mi-vida-desde-hace-algun-tiempo\/","title":{"rendered":"Los versos que gu\u00edan mi vida desde hace alg\u00fan tiempo&#8230;"},"content":{"rendered":"<p>D\u00e9jate sentir, d\u00e9jate llevar.<\/p>\n<p>La sal del viento, el azul del mar.<\/p>\n<p>Que te gu\u00ede el tim\u00f3n de tu pasi\u00f3n.<\/p>\n<p>Que te seduzca el olor y la paz del mar.<\/p>\n<p style=\"text-align:right;\">Neus<\/p>\n","protected":false},"excerpt":{"rendered":"<p>D\u00e9jate sentir, d\u00e9jate llevar. La sal del viento, el azul del mar. Que te gu\u00ede el tim\u00f3n de tu pasi\u00f3n. Que te seduzca el olor y la paz del mar. Neus<\/p>\n","protected":false},"author":3,"featured_media":0,"comment_status":"closed","ping_status":"closed","sticky":false,"template":"","format":"standard","meta":{"footnotes":""},"categories":[53],"tags":[],"class_list":["post-2545","post","type-post","status-publish","format-standard","hentry","category-sin-categoria-es"],"yoast_head":"<!-- This site is optimized with the Yoast SEO plugin v27.2 - https:\/\/yoast.com\/product\/yoast-seo-wordpress\/ -->\n<title>Los versos que gu\u00edan mi vida desde hace alg\u00fan tiempo... - Neus Estrada<\/title>\n<meta name=\"robots\" content=\"index, follow, max-snippet:-1, max-image-preview:large, max-video-preview:-1\" \/>\n<link rel=\"canonical\" href=\"https:\/\/neusestrada.com\/es\/los-versos-que-guian-mi-vida-desde-hace-algun-tiempo\/\" \/>\n<meta property=\"og:locale\" content=\"es_ES\" \/>\n<meta property=\"og:type\" content=\"article\" \/>\n<meta property=\"og:title\" content=\"Los versos que gu\u00edan mi vida desde hace alg\u00fan tiempo... - Neus Estrada\" \/>\n<meta property=\"og:description\" content=\"D\u00e9jate sentir, d\u00e9jate llevar. La sal del viento, el azul del mar. Que te gu\u00ede el tim\u00f3n de tu pasi\u00f3n. Que te seduzca el olor y la paz del mar. Neus\" \/>\n<meta property=\"og:url\" content=\"https:\/\/neusestrada.com\/es\/los-versos-que-guian-mi-vida-desde-hace-algun-tiempo\/\" \/>\n<meta property=\"og:site_name\" content=\"Neus Estrada\" \/>\n<meta property=\"article:published_time\" content=\"2015-08-06T21:34:09+00:00\" \/>\n<meta name=\"author\" content=\"Neus\" \/>\n<meta name=\"twitter:card\" content=\"summary_large_image\" \/>\n<meta name=\"twitter:label1\" content=\"Escrito por\" \/>\n\t<meta name=\"twitter:data1\" content=\"Neus\" \/>\n<script type=\"application\/ld+json\" class=\"yoast-schema-graph\">{\"@context\":\"https:\/\/schema.org\",\"@graph\":[{\"@type\":\"Article\",\"@id\":\"https:\/\/neusestrada.com\/es\/los-versos-que-guian-mi-vida-desde-hace-algun-tiempo\/#article\",\"isPartOf\":{\"@id\":\"https:\/\/neusestrada.com\/es\/los-versos-que-guian-mi-vida-desde-hace-algun-tiempo\/\"},\"author\":{\"name\":\"Neus\",\"@id\":\"https:\/\/neusestrada.com\/es\/#\/schema\/person\/d377cb36586c29e7b0109edd483eee07\"},\"headline\":\"Los versos que gu\u00edan mi vida desde hace alg\u00fan tiempo&#8230;\",\"datePublished\":\"2015-08-06T21:34:09+00:00\",\"mainEntityOfPage\":{\"@id\":\"https:\/\/neusestrada.com\/es\/los-versos-que-guian-mi-vida-desde-hace-algun-tiempo\/\"},\"wordCount\":48,\"publisher\":{\"@id\":\"https:\/\/neusestrada.com\/es\/#organization\"},\"inLanguage\":\"es\"},{\"@type\":\"WebPage\",\"@id\":\"https:\/\/neusestrada.com\/es\/los-versos-que-guian-mi-vida-desde-hace-algun-tiempo\/\",\"url\":\"https:\/\/neusestrada.com\/es\/los-versos-que-guian-mi-vida-desde-hace-algun-tiempo\/\",\"name\":\"Los versos que gu\u00edan mi vida desde hace alg\u00fan tiempo... - Neus Estrada\",\"isPartOf\":{\"@id\":\"https:\/\/neusestrada.com\/es\/#website\"},\"datePublished\":\"2015-08-06T21:34:09+00:00\",\"breadcrumb\":{\"@id\":\"https:\/\/neusestrada.com\/es\/los-versos-que-guian-mi-vida-desde-hace-algun-tiempo\/#breadcrumb\"},\"inLanguage\":\"es\",\"potentialAction\":[{\"@type\":\"ReadAction\",\"target\":[\"https:\/\/neusestrada.com\/es\/los-versos-que-guian-mi-vida-desde-hace-algun-tiempo\/\"]}]},{\"@type\":\"BreadcrumbList\",\"@id\":\"https:\/\/neusestrada.com\/es\/los-versos-que-guian-mi-vida-desde-hace-algun-tiempo\/#breadcrumb\",\"itemListElement\":[{\"@type\":\"ListItem\",\"position\":1,\"name\":\"Inici\",\"item\":\"https:\/\/neusestrada.com\/es\/home\/\"},{\"@type\":\"ListItem\",\"position\":2,\"name\":\"Los versos que gu\u00edan mi vida desde hace alg\u00fan tiempo&#8230;\"}]},{\"@type\":\"WebSite\",\"@id\":\"https:\/\/neusestrada.com\/es\/#website\",\"url\":\"https:\/\/neusestrada.com\/es\/\",\"name\":\"Neus Estrada\",\"description\":\"Psicologia en femen\u00ed\",\"publisher\":{\"@id\":\"https:\/\/neusestrada.com\/es\/#organization\"},\"potentialAction\":[{\"@type\":\"SearchAction\",\"target\":{\"@type\":\"EntryPoint\",\"urlTemplate\":\"https:\/\/neusestrada.com\/es\/?s={search_term_string}\"},\"query-input\":{\"@type\":\"PropertyValueSpecification\",\"valueRequired\":true,\"valueName\":\"search_term_string\"}}],\"inLanguage\":\"es\"},{\"@type\":\"Organization\",\"@id\":\"https:\/\/neusestrada.com\/es\/#organization\",\"name\":\"Neus Estrada\",\"url\":\"https:\/\/neusestrada.com\/es\/\",\"logo\":{\"@type\":\"ImageObject\",\"inLanguage\":\"es\",\"@id\":\"https:\/\/neusestrada.com\/es\/#\/schema\/logo\/image\/\",\"url\":\"https:\/\/neusestrada.com\/wp-content\/uploads\/2024\/01\/Logo.svg\",\"contentUrl\":\"https:\/\/neusestrada.com\/wp-content\/uploads\/2024\/01\/Logo.svg\",\"width\":140,\"height\":74,\"caption\":\"Neus Estrada\"},\"image\":{\"@id\":\"https:\/\/neusestrada.com\/es\/#\/schema\/logo\/image\/\"}},{\"@type\":\"Person\",\"@id\":\"https:\/\/neusestrada.com\/es\/#\/schema\/person\/d377cb36586c29e7b0109edd483eee07\",\"name\":\"Neus\",\"image\":{\"@type\":\"ImageObject\",\"inLanguage\":\"es\",\"@id\":\"https:\/\/secure.gravatar.com\/avatar\/3ce27c47c893a390959cb99e7fa891586c1d31a9e8d27df842704e80af5ec380?s=96&d=mm&r=g\",\"url\":\"https:\/\/secure.gravatar.com\/avatar\/3ce27c47c893a390959cb99e7fa891586c1d31a9e8d27df842704e80af5ec380?s=96&d=mm&r=g\",\"contentUrl\":\"https:\/\/secure.gravatar.com\/avatar\/3ce27c47c893a390959cb99e7fa891586c1d31a9e8d27df842704e80af5ec380?s=96&d=mm&r=g\",\"caption\":\"Neus\"},\"url\":\"https:\/\/neusestrada.com\/es\/author\/neus\/\"}]}<\/script>\n<!-- \/ Yoast SEO plugin. -->","yoast_head_json":{"title":"Los versos que gu\u00edan mi vida desde hace alg\u00fan tiempo... - Neus Estrada","robots":{"index":"index","follow":"follow","max-snippet":"max-snippet:-1","max-image-preview":"max-image-preview:large","max-video-preview":"max-video-preview:-1"},"canonical":"https:\/\/neusestrada.com\/es\/los-versos-que-guian-mi-vida-desde-hace-algun-tiempo\/","og_locale":"es_ES","og_type":"article","og_title":"Los versos que gu\u00edan mi vida desde hace alg\u00fan tiempo... - Neus Estrada","og_description":"D\u00e9jate sentir, d\u00e9jate llevar. La sal del viento, el azul del mar. Que te gu\u00ede el tim\u00f3n de tu pasi\u00f3n. Que te seduzca el olor y la paz del mar. Neus","og_url":"https:\/\/neusestrada.com\/es\/los-versos-que-guian-mi-vida-desde-hace-algun-tiempo\/","og_site_name":"Neus Estrada","article_published_time":"2015-08-06T21:34:09+00:00","author":"Neus","twitter_card":"summary_large_image","twitter_misc":{"Escrito por":"Neus"},"schema":{"@context":"https:\/\/schema.org","@graph":[{"@type":"Article","@id":"https:\/\/neusestrada.com\/es\/los-versos-que-guian-mi-vida-desde-hace-algun-tiempo\/#article","isPartOf":{"@id":"https:\/\/neusestrada.com\/es\/los-versos-que-guian-mi-vida-desde-hace-algun-tiempo\/"},"author":{"name":"Neus","@id":"https:\/\/neusestrada.com\/es\/#\/schema\/person\/d377cb36586c29e7b0109edd483eee07"},"headline":"Los versos que gu\u00edan mi vida desde hace alg\u00fan tiempo&#8230;","datePublished":"2015-08-06T21:34:09+00:00","mainEntityOfPage":{"@id":"https:\/\/neusestrada.com\/es\/los-versos-que-guian-mi-vida-desde-hace-algun-tiempo\/"},"wordCount":48,"publisher":{"@id":"https:\/\/neusestrada.com\/es\/#organization"},"inLanguage":"es"},{"@type":"WebPage","@id":"https:\/\/neusestrada.com\/es\/los-versos-que-guian-mi-vida-desde-hace-algun-tiempo\/","url":"https:\/\/neusestrada.com\/es\/los-versos-que-guian-mi-vida-desde-hace-algun-tiempo\/","name":"Los versos que gu\u00edan mi vida desde hace alg\u00fan tiempo... - Neus Estrada","isPartOf":{"@id":"https:\/\/neusestrada.com\/es\/#website"},"datePublished":"2015-08-06T21:34:09+00:00","breadcrumb":{"@id":"https:\/\/neusestrada.com\/es\/los-versos-que-guian-mi-vida-desde-hace-algun-tiempo\/#breadcrumb"},"inLanguage":"es","potentialAction":[{"@type":"ReadAction","target":["https:\/\/neusestrada.com\/es\/los-versos-que-guian-mi-vida-desde-hace-algun-tiempo\/"]}]},{"@type":"BreadcrumbList","@id":"https:\/\/neusestrada.com\/es\/los-versos-que-guian-mi-vida-desde-hace-algun-tiempo\/#breadcrumb","itemListElement":[{"@type":"ListItem","position":1,"name":"Inici","item":"https:\/\/neusestrada.com\/es\/home\/"},{"@type":"ListItem","position":2,"name":"Los versos que gu\u00edan mi vida desde hace alg\u00fan tiempo&#8230;"}]},{"@type":"WebSite","@id":"https:\/\/neusestrada.com\/es\/#website","url":"https:\/\/neusestrada.com\/es\/","name":"Neus Estrada","description":"Psicologia en femen\u00ed","publisher":{"@id":"https:\/\/neusestrada.com\/es\/#organization"},"potentialAction":[{"@type":"SearchAction","target":{"@type":"EntryPoint","urlTemplate":"https:\/\/neusestrada.com\/es\/?s={search_term_string}"},"query-input":{"@type":"PropertyValueSpecification","valueRequired":true,"valueName":"search_term_string"}}],"inLanguage":"es"},{"@type":"Organization","@id":"https:\/\/neusestrada.com\/es\/#organization","name":"Neus Estrada","url":"https:\/\/neusestrada.com\/es\/","logo":{"@type":"ImageObject","inLanguage":"es","@id":"https:\/\/neusestrada.com\/es\/#\/schema\/logo\/image\/","url":"https:\/\/neusestrada.com\/wp-content\/uploads\/2024\/01\/Logo.svg","contentUrl":"https:\/\/neusestrada.com\/wp-content\/uploads\/2024\/01\/Logo.svg","width":140,"height":74,"caption":"Neus Estrada"},"image":{"@id":"https:\/\/neusestrada.com\/es\/#\/schema\/logo\/image\/"}},{"@type":"Person","@id":"https:\/\/neusestrada.com\/es\/#\/schema\/person\/d377cb36586c29e7b0109edd483eee07","name":"Neus","image":{"@type":"ImageObject","inLanguage":"es","@id":"https:\/\/secure.gravatar.com\/avatar\/3ce27c47c893a390959cb99e7fa891586c1d31a9e8d27df842704e80af5ec380?s=96&d=mm&r=g","url":"https:\/\/secure.gravatar.com\/avatar\/3ce27c47c893a390959cb99e7fa891586c1d31a9e8d27df842704e80af5ec380?s=96&d=mm&r=g","contentUrl":"https:\/\/secure.gravatar.com\/avatar\/3ce27c47c893a390959cb99e7fa891586c1d31a9e8d27df842704e80af5ec380?s=96&d=mm&r=g","caption":"Neus"},"url":"https:\/\/neusestrada.com\/es\/author\/neus\/"}]}},"_links":{"self":[{"href":"https:\/\/neusestrada.com\/es\/wp-json\/wp\/v2\/posts\/2545","targetHints":{"allow":["GET"]}}],"collection":[{"href":"https:\/\/neusestrada.com\/es\/wp-json\/wp\/v2\/posts"}],"about":[{"href":"https:\/\/neusestrada.com\/es\/wp-json\/wp\/v2\/types\/post"}],"author":[{"embeddable":true,"href":"https:\/\/neusestrada.com\/es\/wp-json\/wp\/v2\/users\/3"}],"replies":[{"embeddable":true,"href":"https:\/\/neusestrada.com\/es\/wp-json\/wp\/v2\/comments?post=2545"}],"version-history":[{"count":0,"href":"https:\/\/neusestrada.com\/es\/wp-json\/wp\/v2\/posts\/2545\/revisions"}],"wp:attachment":[{"href":"https:\/\/neusestrada.com\/es\/wp-json\/wp\/v2\/media?parent=2545"}],"wp:term":[{"taxonomy":"category","embeddable":true,"href":"https:\/\/neusestrada.com\/es\/wp-json\/wp\/v2\/categories?post=2545"},{"taxonomy":"post_tag","embeddable":true,"href":"https:\/\/neusestrada.com\/es\/wp-json\/wp\/v2\/tags?post=2545"}],"curies":[{"name":"wp","href":"https:\/\/api.w.org\/{rel}","templated":true}]}}