{"id":2546,"date":"2015-06-17T06:05:11","date_gmt":"2015-06-17T05:05:11","guid":{"rendered":"https:\/\/neusestrada.com\/amaros-amarme\/"},"modified":"2015-06-17T06:05:11","modified_gmt":"2015-06-17T05:05:11","slug":"amaros-amarme","status":"publish","type":"post","link":"https:\/\/neusestrada.com\/es\/amaros-amarme\/","title":{"rendered":"Amaros. Amarme."},"content":{"rendered":"<p>Intento dejar aflorar todos mis sentimientos para traducir en palabras c\u00f3mo os amo, pero no soy capaz.<\/p>\n<p>Procuro abrirme, conocerme, indagarme, sentirme entera, llenarme para regalar, vaciarme de las carencias para estar m\u00e1s y m\u00e1s cerca de vosotros. Para entregarme como me gustar\u00eda. Pero no lo consigo. Siento que merec\u00e9is m\u00e1s de lo que os ofrezco y de lo que soy capaz de daros, solo por el hecho de ser. Sin embargo, me hab\u00e9is elegido y no es una cuesti\u00f3n de azar que hagamos parte del camino juntos.    <\/p>\n<p>Y vosotros, me regal\u00e1is vuestras miradas de amor puro, me entreg\u00e1is todo lo que ten\u00e9is solo por el hecho de ser vuestra madre. A veces, me gustar\u00eda poder deshacerme de todo esto. De este papel. Quiz\u00e1s ser\u00edamos m\u00e1s libres. Iremos encontrando el camino juntos, espero.    <\/p>\n<p>Seg\u00fan me han dicho yo os amo como nadie, pero no lo siento as\u00ed.<\/p>\n<p>Os amo mucho, mucho y mucho. Hasta el infinito y m\u00e1s all\u00e1 porque no hay nada comparable a desear un hijo y una hija, gestarlos y acompa\u00f1arlos. <\/p>\n<p>Pero cuando me detengo y me dejo sentir, me vivo infinitamente m\u00e1s amada por vosotros de lo que nunca os podr\u00e9 amar yo. En el fondo, es como si amaros a veces me diera miedo. Me da miedo haceros esclavos de este v\u00ednculo, me da miedo no saber dejar distancia, me da miedo no retirarme a tiempo\u2026  <\/p>\n<p>A veces me asusta acercarme a las sombras que voy descubriendo en este viaje a la maternidad que me ha ba\u00f1ado en tanta lucidez.<\/p>\n<p>Seguir\u00e9 escuch\u00e1ndome, construy\u00e9ndome, escuch\u00e1ndoos y tomando vuestra gu\u00eda para acompa\u00f1aros como merec\u00e9is en esta aventura. Gracias por elegirme.<\/p>\n<p>Os amo y me siento amada y regalada como nunca y en desmesura.<\/p>\n<p>\u00a1Gracias!<\/p>\n","protected":false},"excerpt":{"rendered":"<p>Intento dejar aflorar todos mis sentimientos para traducir en palabras c\u00f3mo os amo, pero no soy capaz. Procuro abrirme, conocerme, indagarme, sentirme entera, llenarme para regalar, vaciarme de las carencias para estar m\u00e1s y m\u00e1s cerca de vosotros. Para entregarme como me gustar\u00eda. Pero no lo consigo. Siento que merec\u00e9is m\u00e1s de lo que os [&hellip;]<\/p>\n","protected":false},"author":3,"featured_media":0,"comment_status":"closed","ping_status":"closed","sticky":false,"template":"","format":"standard","meta":{"footnotes":""},"categories":[53],"tags":[],"class_list":["post-2546","post","type-post","status-publish","format-standard","hentry","category-sin-categoria-es"],"yoast_head":"<!-- This site is optimized with the Yoast SEO plugin v27.2 - https:\/\/yoast.com\/product\/yoast-seo-wordpress\/ -->\n<title>Amaros. Amarme. - Neus Estrada<\/title>\n<meta name=\"robots\" content=\"index, follow, max-snippet:-1, max-image-preview:large, max-video-preview:-1\" \/>\n<link rel=\"canonical\" href=\"https:\/\/neusestrada.com\/es\/amaros-amarme\/\" \/>\n<meta property=\"og:locale\" content=\"es_ES\" \/>\n<meta property=\"og:type\" content=\"article\" \/>\n<meta property=\"og:title\" content=\"Amaros. Amarme. - Neus Estrada\" \/>\n<meta property=\"og:description\" content=\"Intento dejar aflorar todos mis sentimientos para traducir en palabras c\u00f3mo os amo, pero no soy capaz. Procuro abrirme, conocerme, indagarme, sentirme entera, llenarme para regalar, vaciarme de las carencias para estar m\u00e1s y m\u00e1s cerca de vosotros. Para entregarme como me gustar\u00eda. Pero no lo consigo. Siento que merec\u00e9is m\u00e1s de lo que os [&hellip;]\" \/>\n<meta property=\"og:url\" content=\"https:\/\/neusestrada.com\/es\/amaros-amarme\/\" \/>\n<meta property=\"og:site_name\" content=\"Neus Estrada\" \/>\n<meta property=\"article:published_time\" content=\"2015-06-17T05:05:11+00:00\" \/>\n<meta name=\"author\" content=\"Neus\" \/>\n<meta name=\"twitter:card\" content=\"summary_large_image\" \/>\n<meta name=\"twitter:label1\" content=\"Escrito por\" \/>\n\t<meta name=\"twitter:data1\" content=\"Neus\" \/>\n\t<meta name=\"twitter:label2\" content=\"Tiempo de lectura\" \/>\n\t<meta name=\"twitter:data2\" content=\"2 minutos\" \/>\n<script type=\"application\/ld+json\" class=\"yoast-schema-graph\">{\"@context\":\"https:\/\/schema.org\",\"@graph\":[{\"@type\":\"Article\",\"@id\":\"https:\/\/neusestrada.com\/es\/amaros-amarme\/#article\",\"isPartOf\":{\"@id\":\"https:\/\/neusestrada.com\/es\/amaros-amarme\/\"},\"author\":{\"name\":\"Neus\",\"@id\":\"https:\/\/neusestrada.com\/es\/#\/schema\/person\/d377cb36586c29e7b0109edd483eee07\"},\"headline\":\"Amaros. Amarme.\",\"datePublished\":\"2015-06-17T05:05:11+00:00\",\"mainEntityOfPage\":{\"@id\":\"https:\/\/neusestrada.com\/es\/amaros-amarme\/\"},\"wordCount\":316,\"publisher\":{\"@id\":\"https:\/\/neusestrada.com\/es\/#organization\"},\"inLanguage\":\"es\"},{\"@type\":\"WebPage\",\"@id\":\"https:\/\/neusestrada.com\/es\/amaros-amarme\/\",\"url\":\"https:\/\/neusestrada.com\/es\/amaros-amarme\/\",\"name\":\"Amaros. Amarme. - Neus Estrada\",\"isPartOf\":{\"@id\":\"https:\/\/neusestrada.com\/es\/#website\"},\"datePublished\":\"2015-06-17T05:05:11+00:00\",\"breadcrumb\":{\"@id\":\"https:\/\/neusestrada.com\/es\/amaros-amarme\/#breadcrumb\"},\"inLanguage\":\"es\",\"potentialAction\":[{\"@type\":\"ReadAction\",\"target\":[\"https:\/\/neusestrada.com\/es\/amaros-amarme\/\"]}]},{\"@type\":\"BreadcrumbList\",\"@id\":\"https:\/\/neusestrada.com\/es\/amaros-amarme\/#breadcrumb\",\"itemListElement\":[{\"@type\":\"ListItem\",\"position\":1,\"name\":\"Inici\",\"item\":\"https:\/\/neusestrada.com\/es\/home\/\"},{\"@type\":\"ListItem\",\"position\":2,\"name\":\"Amaros. Amarme.\"}]},{\"@type\":\"WebSite\",\"@id\":\"https:\/\/neusestrada.com\/es\/#website\",\"url\":\"https:\/\/neusestrada.com\/es\/\",\"name\":\"Neus Estrada\",\"description\":\"Psicologia en femen\u00ed\",\"publisher\":{\"@id\":\"https:\/\/neusestrada.com\/es\/#organization\"},\"potentialAction\":[{\"@type\":\"SearchAction\",\"target\":{\"@type\":\"EntryPoint\",\"urlTemplate\":\"https:\/\/neusestrada.com\/es\/?s={search_term_string}\"},\"query-input\":{\"@type\":\"PropertyValueSpecification\",\"valueRequired\":true,\"valueName\":\"search_term_string\"}}],\"inLanguage\":\"es\"},{\"@type\":\"Organization\",\"@id\":\"https:\/\/neusestrada.com\/es\/#organization\",\"name\":\"Neus Estrada\",\"url\":\"https:\/\/neusestrada.com\/es\/\",\"logo\":{\"@type\":\"ImageObject\",\"inLanguage\":\"es\",\"@id\":\"https:\/\/neusestrada.com\/es\/#\/schema\/logo\/image\/\",\"url\":\"https:\/\/neusestrada.com\/wp-content\/uploads\/2024\/01\/Logo.svg\",\"contentUrl\":\"https:\/\/neusestrada.com\/wp-content\/uploads\/2024\/01\/Logo.svg\",\"width\":140,\"height\":74,\"caption\":\"Neus Estrada\"},\"image\":{\"@id\":\"https:\/\/neusestrada.com\/es\/#\/schema\/logo\/image\/\"}},{\"@type\":\"Person\",\"@id\":\"https:\/\/neusestrada.com\/es\/#\/schema\/person\/d377cb36586c29e7b0109edd483eee07\",\"name\":\"Neus\",\"image\":{\"@type\":\"ImageObject\",\"inLanguage\":\"es\",\"@id\":\"https:\/\/secure.gravatar.com\/avatar\/3ce27c47c893a390959cb99e7fa891586c1d31a9e8d27df842704e80af5ec380?s=96&d=mm&r=g\",\"url\":\"https:\/\/secure.gravatar.com\/avatar\/3ce27c47c893a390959cb99e7fa891586c1d31a9e8d27df842704e80af5ec380?s=96&d=mm&r=g\",\"contentUrl\":\"https:\/\/secure.gravatar.com\/avatar\/3ce27c47c893a390959cb99e7fa891586c1d31a9e8d27df842704e80af5ec380?s=96&d=mm&r=g\",\"caption\":\"Neus\"},\"url\":\"https:\/\/neusestrada.com\/es\/author\/neus\/\"}]}<\/script>\n<!-- \/ Yoast SEO plugin. -->","yoast_head_json":{"title":"Amaros. Amarme. - Neus Estrada","robots":{"index":"index","follow":"follow","max-snippet":"max-snippet:-1","max-image-preview":"max-image-preview:large","max-video-preview":"max-video-preview:-1"},"canonical":"https:\/\/neusestrada.com\/es\/amaros-amarme\/","og_locale":"es_ES","og_type":"article","og_title":"Amaros. Amarme. - Neus Estrada","og_description":"Intento dejar aflorar todos mis sentimientos para traducir en palabras c\u00f3mo os amo, pero no soy capaz. Procuro abrirme, conocerme, indagarme, sentirme entera, llenarme para regalar, vaciarme de las carencias para estar m\u00e1s y m\u00e1s cerca de vosotros. Para entregarme como me gustar\u00eda. Pero no lo consigo. Siento que merec\u00e9is m\u00e1s de lo que os [&hellip;]","og_url":"https:\/\/neusestrada.com\/es\/amaros-amarme\/","og_site_name":"Neus Estrada","article_published_time":"2015-06-17T05:05:11+00:00","author":"Neus","twitter_card":"summary_large_image","twitter_misc":{"Escrito por":"Neus","Tiempo de lectura":"2 minutos"},"schema":{"@context":"https:\/\/schema.org","@graph":[{"@type":"Article","@id":"https:\/\/neusestrada.com\/es\/amaros-amarme\/#article","isPartOf":{"@id":"https:\/\/neusestrada.com\/es\/amaros-amarme\/"},"author":{"name":"Neus","@id":"https:\/\/neusestrada.com\/es\/#\/schema\/person\/d377cb36586c29e7b0109edd483eee07"},"headline":"Amaros. Amarme.","datePublished":"2015-06-17T05:05:11+00:00","mainEntityOfPage":{"@id":"https:\/\/neusestrada.com\/es\/amaros-amarme\/"},"wordCount":316,"publisher":{"@id":"https:\/\/neusestrada.com\/es\/#organization"},"inLanguage":"es"},{"@type":"WebPage","@id":"https:\/\/neusestrada.com\/es\/amaros-amarme\/","url":"https:\/\/neusestrada.com\/es\/amaros-amarme\/","name":"Amaros. Amarme. - Neus Estrada","isPartOf":{"@id":"https:\/\/neusestrada.com\/es\/#website"},"datePublished":"2015-06-17T05:05:11+00:00","breadcrumb":{"@id":"https:\/\/neusestrada.com\/es\/amaros-amarme\/#breadcrumb"},"inLanguage":"es","potentialAction":[{"@type":"ReadAction","target":["https:\/\/neusestrada.com\/es\/amaros-amarme\/"]}]},{"@type":"BreadcrumbList","@id":"https:\/\/neusestrada.com\/es\/amaros-amarme\/#breadcrumb","itemListElement":[{"@type":"ListItem","position":1,"name":"Inici","item":"https:\/\/neusestrada.com\/es\/home\/"},{"@type":"ListItem","position":2,"name":"Amaros. Amarme."}]},{"@type":"WebSite","@id":"https:\/\/neusestrada.com\/es\/#website","url":"https:\/\/neusestrada.com\/es\/","name":"Neus Estrada","description":"Psicologia en femen\u00ed","publisher":{"@id":"https:\/\/neusestrada.com\/es\/#organization"},"potentialAction":[{"@type":"SearchAction","target":{"@type":"EntryPoint","urlTemplate":"https:\/\/neusestrada.com\/es\/?s={search_term_string}"},"query-input":{"@type":"PropertyValueSpecification","valueRequired":true,"valueName":"search_term_string"}}],"inLanguage":"es"},{"@type":"Organization","@id":"https:\/\/neusestrada.com\/es\/#organization","name":"Neus Estrada","url":"https:\/\/neusestrada.com\/es\/","logo":{"@type":"ImageObject","inLanguage":"es","@id":"https:\/\/neusestrada.com\/es\/#\/schema\/logo\/image\/","url":"https:\/\/neusestrada.com\/wp-content\/uploads\/2024\/01\/Logo.svg","contentUrl":"https:\/\/neusestrada.com\/wp-content\/uploads\/2024\/01\/Logo.svg","width":140,"height":74,"caption":"Neus Estrada"},"image":{"@id":"https:\/\/neusestrada.com\/es\/#\/schema\/logo\/image\/"}},{"@type":"Person","@id":"https:\/\/neusestrada.com\/es\/#\/schema\/person\/d377cb36586c29e7b0109edd483eee07","name":"Neus","image":{"@type":"ImageObject","inLanguage":"es","@id":"https:\/\/secure.gravatar.com\/avatar\/3ce27c47c893a390959cb99e7fa891586c1d31a9e8d27df842704e80af5ec380?s=96&d=mm&r=g","url":"https:\/\/secure.gravatar.com\/avatar\/3ce27c47c893a390959cb99e7fa891586c1d31a9e8d27df842704e80af5ec380?s=96&d=mm&r=g","contentUrl":"https:\/\/secure.gravatar.com\/avatar\/3ce27c47c893a390959cb99e7fa891586c1d31a9e8d27df842704e80af5ec380?s=96&d=mm&r=g","caption":"Neus"},"url":"https:\/\/neusestrada.com\/es\/author\/neus\/"}]}},"_links":{"self":[{"href":"https:\/\/neusestrada.com\/es\/wp-json\/wp\/v2\/posts\/2546","targetHints":{"allow":["GET"]}}],"collection":[{"href":"https:\/\/neusestrada.com\/es\/wp-json\/wp\/v2\/posts"}],"about":[{"href":"https:\/\/neusestrada.com\/es\/wp-json\/wp\/v2\/types\/post"}],"author":[{"embeddable":true,"href":"https:\/\/neusestrada.com\/es\/wp-json\/wp\/v2\/users\/3"}],"replies":[{"embeddable":true,"href":"https:\/\/neusestrada.com\/es\/wp-json\/wp\/v2\/comments?post=2546"}],"version-history":[{"count":0,"href":"https:\/\/neusestrada.com\/es\/wp-json\/wp\/v2\/posts\/2546\/revisions"}],"wp:attachment":[{"href":"https:\/\/neusestrada.com\/es\/wp-json\/wp\/v2\/media?parent=2546"}],"wp:term":[{"taxonomy":"category","embeddable":true,"href":"https:\/\/neusestrada.com\/es\/wp-json\/wp\/v2\/categories?post=2546"},{"taxonomy":"post_tag","embeddable":true,"href":"https:\/\/neusestrada.com\/es\/wp-json\/wp\/v2\/tags?post=2546"}],"curies":[{"name":"wp","href":"https:\/\/api.w.org\/{rel}","templated":true}]}}