{"id":2547,"date":"2015-06-03T21:06:16","date_gmt":"2015-06-03T20:06:16","guid":{"rendered":"https:\/\/neusestrada.com\/sentir-aprender-vivir-amar\/"},"modified":"2015-06-03T21:06:16","modified_gmt":"2015-06-03T20:06:16","slug":"sentir-aprender-vivir-amar","status":"publish","type":"post","link":"https:\/\/neusestrada.com\/es\/sentir-aprender-vivir-amar\/","title":{"rendered":"Sentir, aprender, vivir, amar\u2026"},"content":{"rendered":"<p><a href=\"https:\/\/neusestrada.com\/wp-content\/uploads\/2015\/06\/sentir.jpg\"><img fetchpriority=\"high\" decoding=\"async\" class=\" size-medium wp-image-125 aligncenter\" src=\"https:\/\/neusestrada.com\/wp-content\/uploads\/2015\/06\/sentir.jpg?w=300\" alt=\"Sentir\" width=\"300\" height=\"225\"><\/a><\/p>\n<p>La vida est\u00e1 hecha para sentirla, no para pensarla. <\/p>\n<p>La libertad est\u00e1 hecha de pasi\u00f3n por vivir y no de miedos que nos atrapan m\u00e1s en morirnos cada d\u00eda poco a poco.<\/p>\n<p>La verdad vive dentro de cada uno esperando que descubramos la maravilla que somos y no afuera ni en las palabras de ning\u00fan gur\u00fa.<\/p>\n<p>La sabidur\u00eda es un camino personal a transitar solos y solas. Admirando las se\u00f1ales que nos gu\u00edan y solo desde dentro y atentos podemos interpretar, entender. <\/p>\n<p>El silencio es el lenguaje del alma que nos acerca al Universo sin retorno que hay dentro nuestro.<\/p>\n<p>El Amor es la fuerza que todo lo ba\u00f1a y nos da el impulso para seguir ilumin\u00e1ndonos. Iluminando peque\u00f1os mundos cada d\u00eda y universos en cada instante.<\/p>\n<p>La vida, un teatro para desprendernos del miedo y aprender a Amar Infinito.<\/p>\n","protected":false},"excerpt":{"rendered":"<p>La vida est\u00e1 hecha para sentirla, no para pensarla. La libertad est\u00e1 hecha de pasi\u00f3n por vivir y no de miedos que nos atrapan m\u00e1s en morirnos cada d\u00eda poco a poco. La verdad vive dentro de cada uno esperando que descubramos la maravilla que somos y no afuera ni en las palabras de ning\u00fan [&hellip;]<\/p>\n","protected":false},"author":3,"featured_media":2454,"comment_status":"closed","ping_status":"closed","sticky":false,"template":"","format":"standard","meta":{"footnotes":""},"categories":[53],"tags":[],"class_list":["post-2547","post","type-post","status-publish","format-standard","has-post-thumbnail","hentry","category-sin-categoria-es"],"yoast_head":"<!-- This site is optimized with the Yoast SEO plugin v27.2 - https:\/\/yoast.com\/product\/yoast-seo-wordpress\/ -->\n<title>Sentir, aprender, vivir, amar\u2026 - Neus Estrada<\/title>\n<meta name=\"robots\" content=\"index, follow, max-snippet:-1, max-image-preview:large, max-video-preview:-1\" \/>\n<link rel=\"canonical\" href=\"https:\/\/neusestrada.com\/es\/sentir-aprender-vivir-amar\/\" \/>\n<meta property=\"og:locale\" content=\"es_ES\" \/>\n<meta property=\"og:type\" content=\"article\" \/>\n<meta property=\"og:title\" content=\"Sentir, aprender, vivir, amar\u2026 - Neus Estrada\" \/>\n<meta property=\"og:description\" content=\"La vida est\u00e1 hecha para sentirla, no para pensarla. La libertad est\u00e1 hecha de pasi\u00f3n por vivir y no de miedos que nos atrapan m\u00e1s en morirnos cada d\u00eda poco a poco. La verdad vive dentro de cada uno esperando que descubramos la maravilla que somos y no afuera ni en las palabras de ning\u00fan [&hellip;]\" \/>\n<meta property=\"og:url\" content=\"https:\/\/neusestrada.com\/es\/sentir-aprender-vivir-amar\/\" \/>\n<meta property=\"og:site_name\" content=\"Neus Estrada\" \/>\n<meta property=\"article:published_time\" content=\"2015-06-03T20:06:16+00:00\" \/>\n<meta property=\"og:image\" content=\"https:\/\/neusestrada.com\/wp-content\/uploads\/2015\/06\/sentir-scaled.jpg\" \/>\n\t<meta property=\"og:image:width\" content=\"2560\" \/>\n\t<meta property=\"og:image:height\" content=\"1920\" \/>\n\t<meta property=\"og:image:type\" content=\"image\/jpeg\" \/>\n<meta name=\"author\" content=\"Neus\" \/>\n<meta name=\"twitter:card\" content=\"summary_large_image\" \/>\n<meta name=\"twitter:label1\" content=\"Escrito por\" \/>\n\t<meta name=\"twitter:data1\" content=\"Neus\" \/>\n\t<meta name=\"twitter:label2\" content=\"Tiempo de lectura\" \/>\n\t<meta name=\"twitter:data2\" content=\"1 minuto\" \/>\n<script type=\"application\/ld+json\" class=\"yoast-schema-graph\">{\"@context\":\"https:\/\/schema.org\",\"@graph\":[{\"@type\":\"Article\",\"@id\":\"https:\/\/neusestrada.com\/es\/sentir-aprender-vivir-amar\/#article\",\"isPartOf\":{\"@id\":\"https:\/\/neusestrada.com\/es\/sentir-aprender-vivir-amar\/\"},\"author\":{\"name\":\"Neus\",\"@id\":\"https:\/\/neusestrada.com\/es\/#\/schema\/person\/d377cb36586c29e7b0109edd483eee07\"},\"headline\":\"Sentir, aprender, vivir, amar\u2026\",\"datePublished\":\"2015-06-03T20:06:16+00:00\",\"mainEntityOfPage\":{\"@id\":\"https:\/\/neusestrada.com\/es\/sentir-aprender-vivir-amar\/\"},\"wordCount\":155,\"publisher\":{\"@id\":\"https:\/\/neusestrada.com\/es\/#organization\"},\"image\":{\"@id\":\"https:\/\/neusestrada.com\/es\/sentir-aprender-vivir-amar\/#primaryimage\"},\"thumbnailUrl\":\"https:\/\/neusestrada.com\/wp-content\/uploads\/2015\/06\/sentir-scaled.jpg\",\"inLanguage\":\"es\"},{\"@type\":\"WebPage\",\"@id\":\"https:\/\/neusestrada.com\/es\/sentir-aprender-vivir-amar\/\",\"url\":\"https:\/\/neusestrada.com\/es\/sentir-aprender-vivir-amar\/\",\"name\":\"Sentir, aprender, vivir, amar\u2026 - Neus Estrada\",\"isPartOf\":{\"@id\":\"https:\/\/neusestrada.com\/es\/#website\"},\"primaryImageOfPage\":{\"@id\":\"https:\/\/neusestrada.com\/es\/sentir-aprender-vivir-amar\/#primaryimage\"},\"image\":{\"@id\":\"https:\/\/neusestrada.com\/es\/sentir-aprender-vivir-amar\/#primaryimage\"},\"thumbnailUrl\":\"https:\/\/neusestrada.com\/wp-content\/uploads\/2015\/06\/sentir-scaled.jpg\",\"datePublished\":\"2015-06-03T20:06:16+00:00\",\"breadcrumb\":{\"@id\":\"https:\/\/neusestrada.com\/es\/sentir-aprender-vivir-amar\/#breadcrumb\"},\"inLanguage\":\"es\",\"potentialAction\":[{\"@type\":\"ReadAction\",\"target\":[\"https:\/\/neusestrada.com\/es\/sentir-aprender-vivir-amar\/\"]}]},{\"@type\":\"ImageObject\",\"inLanguage\":\"es\",\"@id\":\"https:\/\/neusestrada.com\/es\/sentir-aprender-vivir-amar\/#primaryimage\",\"url\":\"https:\/\/neusestrada.com\/wp-content\/uploads\/2015\/06\/sentir-scaled.jpg\",\"contentUrl\":\"https:\/\/neusestrada.com\/wp-content\/uploads\/2015\/06\/sentir-scaled.jpg\",\"width\":2560,\"height\":1920},{\"@type\":\"BreadcrumbList\",\"@id\":\"https:\/\/neusestrada.com\/es\/sentir-aprender-vivir-amar\/#breadcrumb\",\"itemListElement\":[{\"@type\":\"ListItem\",\"position\":1,\"name\":\"Inici\",\"item\":\"https:\/\/neusestrada.com\/es\/home\/\"},{\"@type\":\"ListItem\",\"position\":2,\"name\":\"Sentir, aprender, vivir, amar\u2026\"}]},{\"@type\":\"WebSite\",\"@id\":\"https:\/\/neusestrada.com\/es\/#website\",\"url\":\"https:\/\/neusestrada.com\/es\/\",\"name\":\"Neus Estrada\",\"description\":\"Psicologia en femen\u00ed\",\"publisher\":{\"@id\":\"https:\/\/neusestrada.com\/es\/#organization\"},\"potentialAction\":[{\"@type\":\"SearchAction\",\"target\":{\"@type\":\"EntryPoint\",\"urlTemplate\":\"https:\/\/neusestrada.com\/es\/?s={search_term_string}\"},\"query-input\":{\"@type\":\"PropertyValueSpecification\",\"valueRequired\":true,\"valueName\":\"search_term_string\"}}],\"inLanguage\":\"es\"},{\"@type\":\"Organization\",\"@id\":\"https:\/\/neusestrada.com\/es\/#organization\",\"name\":\"Neus Estrada\",\"url\":\"https:\/\/neusestrada.com\/es\/\",\"logo\":{\"@type\":\"ImageObject\",\"inLanguage\":\"es\",\"@id\":\"https:\/\/neusestrada.com\/es\/#\/schema\/logo\/image\/\",\"url\":\"https:\/\/neusestrada.com\/wp-content\/uploads\/2024\/01\/Logo.svg\",\"contentUrl\":\"https:\/\/neusestrada.com\/wp-content\/uploads\/2024\/01\/Logo.svg\",\"width\":140,\"height\":74,\"caption\":\"Neus Estrada\"},\"image\":{\"@id\":\"https:\/\/neusestrada.com\/es\/#\/schema\/logo\/image\/\"}},{\"@type\":\"Person\",\"@id\":\"https:\/\/neusestrada.com\/es\/#\/schema\/person\/d377cb36586c29e7b0109edd483eee07\",\"name\":\"Neus\",\"image\":{\"@type\":\"ImageObject\",\"inLanguage\":\"es\",\"@id\":\"https:\/\/secure.gravatar.com\/avatar\/3ce27c47c893a390959cb99e7fa891586c1d31a9e8d27df842704e80af5ec380?s=96&d=mm&r=g\",\"url\":\"https:\/\/secure.gravatar.com\/avatar\/3ce27c47c893a390959cb99e7fa891586c1d31a9e8d27df842704e80af5ec380?s=96&d=mm&r=g\",\"contentUrl\":\"https:\/\/secure.gravatar.com\/avatar\/3ce27c47c893a390959cb99e7fa891586c1d31a9e8d27df842704e80af5ec380?s=96&d=mm&r=g\",\"caption\":\"Neus\"},\"url\":\"https:\/\/neusestrada.com\/es\/author\/neus\/\"}]}<\/script>\n<!-- \/ Yoast SEO plugin. -->","yoast_head_json":{"title":"Sentir, aprender, vivir, amar\u2026 - Neus Estrada","robots":{"index":"index","follow":"follow","max-snippet":"max-snippet:-1","max-image-preview":"max-image-preview:large","max-video-preview":"max-video-preview:-1"},"canonical":"https:\/\/neusestrada.com\/es\/sentir-aprender-vivir-amar\/","og_locale":"es_ES","og_type":"article","og_title":"Sentir, aprender, vivir, amar\u2026 - Neus Estrada","og_description":"La vida est\u00e1 hecha para sentirla, no para pensarla. La libertad est\u00e1 hecha de pasi\u00f3n por vivir y no de miedos que nos atrapan m\u00e1s en morirnos cada d\u00eda poco a poco. La verdad vive dentro de cada uno esperando que descubramos la maravilla que somos y no afuera ni en las palabras de ning\u00fan [&hellip;]","og_url":"https:\/\/neusestrada.com\/es\/sentir-aprender-vivir-amar\/","og_site_name":"Neus Estrada","article_published_time":"2015-06-03T20:06:16+00:00","og_image":[{"width":2560,"height":1920,"url":"https:\/\/neusestrada.com\/wp-content\/uploads\/2015\/06\/sentir-scaled.jpg","type":"image\/jpeg"}],"author":"Neus","twitter_card":"summary_large_image","twitter_misc":{"Escrito por":"Neus","Tiempo de lectura":"1 minuto"},"schema":{"@context":"https:\/\/schema.org","@graph":[{"@type":"Article","@id":"https:\/\/neusestrada.com\/es\/sentir-aprender-vivir-amar\/#article","isPartOf":{"@id":"https:\/\/neusestrada.com\/es\/sentir-aprender-vivir-amar\/"},"author":{"name":"Neus","@id":"https:\/\/neusestrada.com\/es\/#\/schema\/person\/d377cb36586c29e7b0109edd483eee07"},"headline":"Sentir, aprender, vivir, amar\u2026","datePublished":"2015-06-03T20:06:16+00:00","mainEntityOfPage":{"@id":"https:\/\/neusestrada.com\/es\/sentir-aprender-vivir-amar\/"},"wordCount":155,"publisher":{"@id":"https:\/\/neusestrada.com\/es\/#organization"},"image":{"@id":"https:\/\/neusestrada.com\/es\/sentir-aprender-vivir-amar\/#primaryimage"},"thumbnailUrl":"https:\/\/neusestrada.com\/wp-content\/uploads\/2015\/06\/sentir-scaled.jpg","inLanguage":"es"},{"@type":"WebPage","@id":"https:\/\/neusestrada.com\/es\/sentir-aprender-vivir-amar\/","url":"https:\/\/neusestrada.com\/es\/sentir-aprender-vivir-amar\/","name":"Sentir, aprender, vivir, amar\u2026 - Neus Estrada","isPartOf":{"@id":"https:\/\/neusestrada.com\/es\/#website"},"primaryImageOfPage":{"@id":"https:\/\/neusestrada.com\/es\/sentir-aprender-vivir-amar\/#primaryimage"},"image":{"@id":"https:\/\/neusestrada.com\/es\/sentir-aprender-vivir-amar\/#primaryimage"},"thumbnailUrl":"https:\/\/neusestrada.com\/wp-content\/uploads\/2015\/06\/sentir-scaled.jpg","datePublished":"2015-06-03T20:06:16+00:00","breadcrumb":{"@id":"https:\/\/neusestrada.com\/es\/sentir-aprender-vivir-amar\/#breadcrumb"},"inLanguage":"es","potentialAction":[{"@type":"ReadAction","target":["https:\/\/neusestrada.com\/es\/sentir-aprender-vivir-amar\/"]}]},{"@type":"ImageObject","inLanguage":"es","@id":"https:\/\/neusestrada.com\/es\/sentir-aprender-vivir-amar\/#primaryimage","url":"https:\/\/neusestrada.com\/wp-content\/uploads\/2015\/06\/sentir-scaled.jpg","contentUrl":"https:\/\/neusestrada.com\/wp-content\/uploads\/2015\/06\/sentir-scaled.jpg","width":2560,"height":1920},{"@type":"BreadcrumbList","@id":"https:\/\/neusestrada.com\/es\/sentir-aprender-vivir-amar\/#breadcrumb","itemListElement":[{"@type":"ListItem","position":1,"name":"Inici","item":"https:\/\/neusestrada.com\/es\/home\/"},{"@type":"ListItem","position":2,"name":"Sentir, aprender, vivir, amar\u2026"}]},{"@type":"WebSite","@id":"https:\/\/neusestrada.com\/es\/#website","url":"https:\/\/neusestrada.com\/es\/","name":"Neus Estrada","description":"Psicologia en femen\u00ed","publisher":{"@id":"https:\/\/neusestrada.com\/es\/#organization"},"potentialAction":[{"@type":"SearchAction","target":{"@type":"EntryPoint","urlTemplate":"https:\/\/neusestrada.com\/es\/?s={search_term_string}"},"query-input":{"@type":"PropertyValueSpecification","valueRequired":true,"valueName":"search_term_string"}}],"inLanguage":"es"},{"@type":"Organization","@id":"https:\/\/neusestrada.com\/es\/#organization","name":"Neus Estrada","url":"https:\/\/neusestrada.com\/es\/","logo":{"@type":"ImageObject","inLanguage":"es","@id":"https:\/\/neusestrada.com\/es\/#\/schema\/logo\/image\/","url":"https:\/\/neusestrada.com\/wp-content\/uploads\/2024\/01\/Logo.svg","contentUrl":"https:\/\/neusestrada.com\/wp-content\/uploads\/2024\/01\/Logo.svg","width":140,"height":74,"caption":"Neus Estrada"},"image":{"@id":"https:\/\/neusestrada.com\/es\/#\/schema\/logo\/image\/"}},{"@type":"Person","@id":"https:\/\/neusestrada.com\/es\/#\/schema\/person\/d377cb36586c29e7b0109edd483eee07","name":"Neus","image":{"@type":"ImageObject","inLanguage":"es","@id":"https:\/\/secure.gravatar.com\/avatar\/3ce27c47c893a390959cb99e7fa891586c1d31a9e8d27df842704e80af5ec380?s=96&d=mm&r=g","url":"https:\/\/secure.gravatar.com\/avatar\/3ce27c47c893a390959cb99e7fa891586c1d31a9e8d27df842704e80af5ec380?s=96&d=mm&r=g","contentUrl":"https:\/\/secure.gravatar.com\/avatar\/3ce27c47c893a390959cb99e7fa891586c1d31a9e8d27df842704e80af5ec380?s=96&d=mm&r=g","caption":"Neus"},"url":"https:\/\/neusestrada.com\/es\/author\/neus\/"}]}},"_links":{"self":[{"href":"https:\/\/neusestrada.com\/es\/wp-json\/wp\/v2\/posts\/2547","targetHints":{"allow":["GET"]}}],"collection":[{"href":"https:\/\/neusestrada.com\/es\/wp-json\/wp\/v2\/posts"}],"about":[{"href":"https:\/\/neusestrada.com\/es\/wp-json\/wp\/v2\/types\/post"}],"author":[{"embeddable":true,"href":"https:\/\/neusestrada.com\/es\/wp-json\/wp\/v2\/users\/3"}],"replies":[{"embeddable":true,"href":"https:\/\/neusestrada.com\/es\/wp-json\/wp\/v2\/comments?post=2547"}],"version-history":[{"count":0,"href":"https:\/\/neusestrada.com\/es\/wp-json\/wp\/v2\/posts\/2547\/revisions"}],"wp:featuredmedia":[{"embeddable":true,"href":"https:\/\/neusestrada.com\/es\/wp-json\/wp\/v2\/media\/2454"}],"wp:attachment":[{"href":"https:\/\/neusestrada.com\/es\/wp-json\/wp\/v2\/media?parent=2547"}],"wp:term":[{"taxonomy":"category","embeddable":true,"href":"https:\/\/neusestrada.com\/es\/wp-json\/wp\/v2\/categories?post=2547"},{"taxonomy":"post_tag","embeddable":true,"href":"https:\/\/neusestrada.com\/es\/wp-json\/wp\/v2\/tags?post=2547"}],"curies":[{"name":"wp","href":"https:\/\/api.w.org\/{rel}","templated":true}]}}