{"id":2549,"date":"2015-04-10T21:15:13","date_gmt":"2015-04-10T20:15:13","guid":{"rendered":"https:\/\/neusestrada.com\/fluir-con-la-vida\/"},"modified":"2015-04-10T21:15:13","modified_gmt":"2015-04-10T20:15:13","slug":"fluir-con-la-vida","status":"publish","type":"post","link":"https:\/\/neusestrada.com\/es\/fluir-con-la-vida\/","title":{"rendered":"Fluir con la vida"},"content":{"rendered":"<p><a href=\"https:\/\/neusestrada.com\/wp-content\/uploads\/2015\/04\/dscf2567.jpg\"><img fetchpriority=\"high\" decoding=\"async\" class=\" size-medium wp-image-116 aligncenter\" src=\"https:\/\/neusestrada.com\/wp-content\/uploads\/2015\/04\/dscf2567.jpg?w=300\" alt=\"DSCF2567\" width=\"300\" height=\"225\"><\/a><\/p>\n<p>A veces me siento atrapada viviendo a c\u00e1mara lenta. La vida me sorprende haciendo una pausa en mis planes. Parece que de un momento a otro todo debe encajar, pero de repente todo se detiene. Como si sintiera en m\u00ed el silencio del Universo. Y placenteramente me dejo llevar por ese silencio.    <\/p>\n<p>Y es entonces cuando escucho las preguntas.<\/p>\n<p>Es entonces cuando siento que vivo.<\/p>\n<p>Es entonces cuando intuyo el misterio de la vida que se me escapa.<\/p>\n<p>Es entonces cuando me doy cuenta de cu\u00e1nto tengo por aprender.<\/p>\n<p>Es entonces cuando me s\u00e9 maravillosamente acompa\u00f1ada en este viaje.<\/p>\n<p>Es entonces cuando me asaltan las dudas.<\/p>\n<p>Es entonces cuando los miedos me atraviesan fr\u00edos y crudos para ponerme en mi lugar, respirar, mirarlos a los ojos e intentar avanzar despoj\u00e1ndome de ellos.<\/p>\n<p>Es entonces cuando me siento libre.<\/p>\n<p>Es entonces cuando me s\u00e9 al servicio de la vida que me ense\u00f1a y me acompa\u00f1a en el entramado de un plan divino perfecto, que no recuerdo, pero me encanta.<\/p>\n<p>Es entonces cuando me siento fresca, viva, hechizada, sorprendida y expectante por saber qu\u00e9 ten\u00eda que aprender en esta pausa.<\/p>\n<p>\u00a1Bienvenido sea! Abrazo con amor todo lo que me espera. <\/p>\n","protected":false},"excerpt":{"rendered":"<p>A veces me siento atrapada viviendo a c\u00e1mara lenta. La vida me sorprende haciendo una pausa en mis planes. Parece que de un momento a otro todo debe encajar, pero de repente todo se detiene. Como si sintiera en m\u00ed el silencio del Universo. Y placenteramente me dejo llevar por ese silencio. Y es entonces [&hellip;]<\/p>\n","protected":false},"author":3,"featured_media":2450,"comment_status":"closed","ping_status":"closed","sticky":false,"template":"","format":"standard","meta":{"footnotes":""},"categories":[53],"tags":[60,61,62],"class_list":["post-2549","post","type-post","status-publish","format-standard","has-post-thumbnail","hentry","category-sin-categoria-es","tag-acceptar-es","tag-esperar-es","tag-fluir-amb-la-vida-es"],"yoast_head":"<!-- This site is optimized with the Yoast SEO plugin v27.2 - https:\/\/yoast.com\/product\/yoast-seo-wordpress\/ -->\n<title>Fluir con la vida - Neus Estrada<\/title>\n<meta name=\"robots\" content=\"index, follow, max-snippet:-1, max-image-preview:large, max-video-preview:-1\" \/>\n<link rel=\"canonical\" href=\"https:\/\/neusestrada.com\/es\/fluir-con-la-vida\/\" \/>\n<meta property=\"og:locale\" content=\"es_ES\" \/>\n<meta property=\"og:type\" content=\"article\" \/>\n<meta property=\"og:title\" content=\"Fluir con la vida - Neus Estrada\" \/>\n<meta property=\"og:description\" content=\"A veces me siento atrapada viviendo a c\u00e1mara lenta. La vida me sorprende haciendo una pausa en mis planes. Parece que de un momento a otro todo debe encajar, pero de repente todo se detiene. Como si sintiera en m\u00ed el silencio del Universo. Y placenteramente me dejo llevar por ese silencio. Y es entonces [&hellip;]\" \/>\n<meta property=\"og:url\" content=\"https:\/\/neusestrada.com\/es\/fluir-con-la-vida\/\" \/>\n<meta property=\"og:site_name\" content=\"Neus Estrada\" \/>\n<meta property=\"article:published_time\" content=\"2015-04-10T20:15:13+00:00\" \/>\n<meta property=\"og:image\" content=\"https:\/\/neusestrada.com\/wp-content\/uploads\/2015\/04\/dscf2567-scaled.jpg\" \/>\n\t<meta property=\"og:image:width\" content=\"2560\" \/>\n\t<meta property=\"og:image:height\" content=\"1920\" \/>\n\t<meta property=\"og:image:type\" content=\"image\/jpeg\" \/>\n<meta name=\"author\" content=\"Neus\" \/>\n<meta name=\"twitter:card\" content=\"summary_large_image\" \/>\n<meta name=\"twitter:label1\" content=\"Escrito por\" \/>\n\t<meta name=\"twitter:data1\" content=\"Neus\" \/>\n\t<meta name=\"twitter:label2\" content=\"Tiempo de lectura\" \/>\n\t<meta name=\"twitter:data2\" content=\"1 minuto\" \/>\n<script type=\"application\/ld+json\" class=\"yoast-schema-graph\">{\"@context\":\"https:\/\/schema.org\",\"@graph\":[{\"@type\":\"Article\",\"@id\":\"https:\/\/neusestrada.com\/es\/fluir-con-la-vida\/#article\",\"isPartOf\":{\"@id\":\"https:\/\/neusestrada.com\/es\/fluir-con-la-vida\/\"},\"author\":{\"name\":\"Neus\",\"@id\":\"https:\/\/neusestrada.com\/es\/#\/schema\/person\/d377cb36586c29e7b0109edd483eee07\"},\"headline\":\"Fluir con la vida\",\"datePublished\":\"2015-04-10T20:15:13+00:00\",\"mainEntityOfPage\":{\"@id\":\"https:\/\/neusestrada.com\/es\/fluir-con-la-vida\/\"},\"wordCount\":210,\"publisher\":{\"@id\":\"https:\/\/neusestrada.com\/es\/#organization\"},\"image\":{\"@id\":\"https:\/\/neusestrada.com\/es\/fluir-con-la-vida\/#primaryimage\"},\"thumbnailUrl\":\"https:\/\/neusestrada.com\/wp-content\/uploads\/2015\/04\/dscf2567-scaled.jpg\",\"keywords\":[\"acceptar\",\"esperar\",\"Fluir amb la vida\"],\"inLanguage\":\"es\"},{\"@type\":\"WebPage\",\"@id\":\"https:\/\/neusestrada.com\/es\/fluir-con-la-vida\/\",\"url\":\"https:\/\/neusestrada.com\/es\/fluir-con-la-vida\/\",\"name\":\"Fluir con la vida - Neus Estrada\",\"isPartOf\":{\"@id\":\"https:\/\/neusestrada.com\/es\/#website\"},\"primaryImageOfPage\":{\"@id\":\"https:\/\/neusestrada.com\/es\/fluir-con-la-vida\/#primaryimage\"},\"image\":{\"@id\":\"https:\/\/neusestrada.com\/es\/fluir-con-la-vida\/#primaryimage\"},\"thumbnailUrl\":\"https:\/\/neusestrada.com\/wp-content\/uploads\/2015\/04\/dscf2567-scaled.jpg\",\"datePublished\":\"2015-04-10T20:15:13+00:00\",\"breadcrumb\":{\"@id\":\"https:\/\/neusestrada.com\/es\/fluir-con-la-vida\/#breadcrumb\"},\"inLanguage\":\"es\",\"potentialAction\":[{\"@type\":\"ReadAction\",\"target\":[\"https:\/\/neusestrada.com\/es\/fluir-con-la-vida\/\"]}]},{\"@type\":\"ImageObject\",\"inLanguage\":\"es\",\"@id\":\"https:\/\/neusestrada.com\/es\/fluir-con-la-vida\/#primaryimage\",\"url\":\"https:\/\/neusestrada.com\/wp-content\/uploads\/2015\/04\/dscf2567-scaled.jpg\",\"contentUrl\":\"https:\/\/neusestrada.com\/wp-content\/uploads\/2015\/04\/dscf2567-scaled.jpg\",\"width\":2560,\"height\":1920},{\"@type\":\"BreadcrumbList\",\"@id\":\"https:\/\/neusestrada.com\/es\/fluir-con-la-vida\/#breadcrumb\",\"itemListElement\":[{\"@type\":\"ListItem\",\"position\":1,\"name\":\"Inici\",\"item\":\"https:\/\/neusestrada.com\/es\/home\/\"},{\"@type\":\"ListItem\",\"position\":2,\"name\":\"Fluir con la vida\"}]},{\"@type\":\"WebSite\",\"@id\":\"https:\/\/neusestrada.com\/es\/#website\",\"url\":\"https:\/\/neusestrada.com\/es\/\",\"name\":\"Neus Estrada\",\"description\":\"Psicologia en femen\u00ed\",\"publisher\":{\"@id\":\"https:\/\/neusestrada.com\/es\/#organization\"},\"potentialAction\":[{\"@type\":\"SearchAction\",\"target\":{\"@type\":\"EntryPoint\",\"urlTemplate\":\"https:\/\/neusestrada.com\/es\/?s={search_term_string}\"},\"query-input\":{\"@type\":\"PropertyValueSpecification\",\"valueRequired\":true,\"valueName\":\"search_term_string\"}}],\"inLanguage\":\"es\"},{\"@type\":\"Organization\",\"@id\":\"https:\/\/neusestrada.com\/es\/#organization\",\"name\":\"Neus Estrada\",\"url\":\"https:\/\/neusestrada.com\/es\/\",\"logo\":{\"@type\":\"ImageObject\",\"inLanguage\":\"es\",\"@id\":\"https:\/\/neusestrada.com\/es\/#\/schema\/logo\/image\/\",\"url\":\"https:\/\/neusestrada.com\/wp-content\/uploads\/2024\/01\/Logo.svg\",\"contentUrl\":\"https:\/\/neusestrada.com\/wp-content\/uploads\/2024\/01\/Logo.svg\",\"width\":140,\"height\":74,\"caption\":\"Neus Estrada\"},\"image\":{\"@id\":\"https:\/\/neusestrada.com\/es\/#\/schema\/logo\/image\/\"}},{\"@type\":\"Person\",\"@id\":\"https:\/\/neusestrada.com\/es\/#\/schema\/person\/d377cb36586c29e7b0109edd483eee07\",\"name\":\"Neus\",\"image\":{\"@type\":\"ImageObject\",\"inLanguage\":\"es\",\"@id\":\"https:\/\/secure.gravatar.com\/avatar\/3ce27c47c893a390959cb99e7fa891586c1d31a9e8d27df842704e80af5ec380?s=96&d=mm&r=g\",\"url\":\"https:\/\/secure.gravatar.com\/avatar\/3ce27c47c893a390959cb99e7fa891586c1d31a9e8d27df842704e80af5ec380?s=96&d=mm&r=g\",\"contentUrl\":\"https:\/\/secure.gravatar.com\/avatar\/3ce27c47c893a390959cb99e7fa891586c1d31a9e8d27df842704e80af5ec380?s=96&d=mm&r=g\",\"caption\":\"Neus\"},\"url\":\"https:\/\/neusestrada.com\/es\/author\/neus\/\"}]}<\/script>\n<!-- \/ Yoast SEO plugin. -->","yoast_head_json":{"title":"Fluir con la vida - Neus Estrada","robots":{"index":"index","follow":"follow","max-snippet":"max-snippet:-1","max-image-preview":"max-image-preview:large","max-video-preview":"max-video-preview:-1"},"canonical":"https:\/\/neusestrada.com\/es\/fluir-con-la-vida\/","og_locale":"es_ES","og_type":"article","og_title":"Fluir con la vida - Neus Estrada","og_description":"A veces me siento atrapada viviendo a c\u00e1mara lenta. La vida me sorprende haciendo una pausa en mis planes. Parece que de un momento a otro todo debe encajar, pero de repente todo se detiene. Como si sintiera en m\u00ed el silencio del Universo. Y placenteramente me dejo llevar por ese silencio. Y es entonces [&hellip;]","og_url":"https:\/\/neusestrada.com\/es\/fluir-con-la-vida\/","og_site_name":"Neus Estrada","article_published_time":"2015-04-10T20:15:13+00:00","og_image":[{"width":2560,"height":1920,"url":"https:\/\/neusestrada.com\/wp-content\/uploads\/2015\/04\/dscf2567-scaled.jpg","type":"image\/jpeg"}],"author":"Neus","twitter_card":"summary_large_image","twitter_misc":{"Escrito por":"Neus","Tiempo de lectura":"1 minuto"},"schema":{"@context":"https:\/\/schema.org","@graph":[{"@type":"Article","@id":"https:\/\/neusestrada.com\/es\/fluir-con-la-vida\/#article","isPartOf":{"@id":"https:\/\/neusestrada.com\/es\/fluir-con-la-vida\/"},"author":{"name":"Neus","@id":"https:\/\/neusestrada.com\/es\/#\/schema\/person\/d377cb36586c29e7b0109edd483eee07"},"headline":"Fluir con la vida","datePublished":"2015-04-10T20:15:13+00:00","mainEntityOfPage":{"@id":"https:\/\/neusestrada.com\/es\/fluir-con-la-vida\/"},"wordCount":210,"publisher":{"@id":"https:\/\/neusestrada.com\/es\/#organization"},"image":{"@id":"https:\/\/neusestrada.com\/es\/fluir-con-la-vida\/#primaryimage"},"thumbnailUrl":"https:\/\/neusestrada.com\/wp-content\/uploads\/2015\/04\/dscf2567-scaled.jpg","keywords":["acceptar","esperar","Fluir amb la vida"],"inLanguage":"es"},{"@type":"WebPage","@id":"https:\/\/neusestrada.com\/es\/fluir-con-la-vida\/","url":"https:\/\/neusestrada.com\/es\/fluir-con-la-vida\/","name":"Fluir con la vida - Neus Estrada","isPartOf":{"@id":"https:\/\/neusestrada.com\/es\/#website"},"primaryImageOfPage":{"@id":"https:\/\/neusestrada.com\/es\/fluir-con-la-vida\/#primaryimage"},"image":{"@id":"https:\/\/neusestrada.com\/es\/fluir-con-la-vida\/#primaryimage"},"thumbnailUrl":"https:\/\/neusestrada.com\/wp-content\/uploads\/2015\/04\/dscf2567-scaled.jpg","datePublished":"2015-04-10T20:15:13+00:00","breadcrumb":{"@id":"https:\/\/neusestrada.com\/es\/fluir-con-la-vida\/#breadcrumb"},"inLanguage":"es","potentialAction":[{"@type":"ReadAction","target":["https:\/\/neusestrada.com\/es\/fluir-con-la-vida\/"]}]},{"@type":"ImageObject","inLanguage":"es","@id":"https:\/\/neusestrada.com\/es\/fluir-con-la-vida\/#primaryimage","url":"https:\/\/neusestrada.com\/wp-content\/uploads\/2015\/04\/dscf2567-scaled.jpg","contentUrl":"https:\/\/neusestrada.com\/wp-content\/uploads\/2015\/04\/dscf2567-scaled.jpg","width":2560,"height":1920},{"@type":"BreadcrumbList","@id":"https:\/\/neusestrada.com\/es\/fluir-con-la-vida\/#breadcrumb","itemListElement":[{"@type":"ListItem","position":1,"name":"Inici","item":"https:\/\/neusestrada.com\/es\/home\/"},{"@type":"ListItem","position":2,"name":"Fluir con la vida"}]},{"@type":"WebSite","@id":"https:\/\/neusestrada.com\/es\/#website","url":"https:\/\/neusestrada.com\/es\/","name":"Neus Estrada","description":"Psicologia en femen\u00ed","publisher":{"@id":"https:\/\/neusestrada.com\/es\/#organization"},"potentialAction":[{"@type":"SearchAction","target":{"@type":"EntryPoint","urlTemplate":"https:\/\/neusestrada.com\/es\/?s={search_term_string}"},"query-input":{"@type":"PropertyValueSpecification","valueRequired":true,"valueName":"search_term_string"}}],"inLanguage":"es"},{"@type":"Organization","@id":"https:\/\/neusestrada.com\/es\/#organization","name":"Neus Estrada","url":"https:\/\/neusestrada.com\/es\/","logo":{"@type":"ImageObject","inLanguage":"es","@id":"https:\/\/neusestrada.com\/es\/#\/schema\/logo\/image\/","url":"https:\/\/neusestrada.com\/wp-content\/uploads\/2024\/01\/Logo.svg","contentUrl":"https:\/\/neusestrada.com\/wp-content\/uploads\/2024\/01\/Logo.svg","width":140,"height":74,"caption":"Neus Estrada"},"image":{"@id":"https:\/\/neusestrada.com\/es\/#\/schema\/logo\/image\/"}},{"@type":"Person","@id":"https:\/\/neusestrada.com\/es\/#\/schema\/person\/d377cb36586c29e7b0109edd483eee07","name":"Neus","image":{"@type":"ImageObject","inLanguage":"es","@id":"https:\/\/secure.gravatar.com\/avatar\/3ce27c47c893a390959cb99e7fa891586c1d31a9e8d27df842704e80af5ec380?s=96&d=mm&r=g","url":"https:\/\/secure.gravatar.com\/avatar\/3ce27c47c893a390959cb99e7fa891586c1d31a9e8d27df842704e80af5ec380?s=96&d=mm&r=g","contentUrl":"https:\/\/secure.gravatar.com\/avatar\/3ce27c47c893a390959cb99e7fa891586c1d31a9e8d27df842704e80af5ec380?s=96&d=mm&r=g","caption":"Neus"},"url":"https:\/\/neusestrada.com\/es\/author\/neus\/"}]}},"_links":{"self":[{"href":"https:\/\/neusestrada.com\/es\/wp-json\/wp\/v2\/posts\/2549","targetHints":{"allow":["GET"]}}],"collection":[{"href":"https:\/\/neusestrada.com\/es\/wp-json\/wp\/v2\/posts"}],"about":[{"href":"https:\/\/neusestrada.com\/es\/wp-json\/wp\/v2\/types\/post"}],"author":[{"embeddable":true,"href":"https:\/\/neusestrada.com\/es\/wp-json\/wp\/v2\/users\/3"}],"replies":[{"embeddable":true,"href":"https:\/\/neusestrada.com\/es\/wp-json\/wp\/v2\/comments?post=2549"}],"version-history":[{"count":0,"href":"https:\/\/neusestrada.com\/es\/wp-json\/wp\/v2\/posts\/2549\/revisions"}],"wp:featuredmedia":[{"embeddable":true,"href":"https:\/\/neusestrada.com\/es\/wp-json\/wp\/v2\/media\/2450"}],"wp:attachment":[{"href":"https:\/\/neusestrada.com\/es\/wp-json\/wp\/v2\/media?parent=2549"}],"wp:term":[{"taxonomy":"category","embeddable":true,"href":"https:\/\/neusestrada.com\/es\/wp-json\/wp\/v2\/categories?post=2549"},{"taxonomy":"post_tag","embeddable":true,"href":"https:\/\/neusestrada.com\/es\/wp-json\/wp\/v2\/tags?post=2549"}],"curies":[{"name":"wp","href":"https:\/\/api.w.org\/{rel}","templated":true}]}}