{"id":2551,"date":"2015-03-19T21:36:12","date_gmt":"2015-03-19T20:36:12","guid":{"rendered":"https:\/\/neusestrada.com\/despertar\/"},"modified":"2015-03-19T21:36:12","modified_gmt":"2015-03-19T20:36:12","slug":"despertar","status":"publish","type":"post","link":"https:\/\/neusestrada.com\/es\/despertar\/","title":{"rendered":"Despertar"},"content":{"rendered":"<p style=\"text-align:justify;\">Contemplar c\u00f3mo nace el d\u00eda. Sentir c\u00f3mo el fr\u00edo cala hasta los huesos. Notar la brisa fresca y matutina en la cara y c\u00f3mo se despierta cada cent\u00edmetro de mi piel.  <\/p>\n<p style=\"text-align:justify;\">Ver c\u00f3mo planean los p\u00e1jaros a merced del viento. Escuchar atenta c\u00f3mo me regalan versos de poes\u00eda para el alma. Versos silenciosos del alba.<br \/>\nComo si fuera un espect\u00e1culo solo para m\u00ed.<\/p>\n<p>Notar el sol en la cara, el viento en los labios h\u00famedos, y respirar. Respirar para llenarme de eso y m\u00e1s. Respirar para despertar cada c\u00e9lula de mi cuerpo. Respirar para llegar hasta la esencia. Respirar para llenar el Universo de Paz. Respirar para devolver al Universo la Paz que quiero, la Paz que se merece.     <\/p>\n<p style=\"text-align:justify;\">Respirar para sentirme uno con el Universo en un instante de Amor eterno.<\/p>\n","protected":false},"excerpt":{"rendered":"<p>Contemplar c\u00f3mo nace el d\u00eda. Sentir c\u00f3mo el fr\u00edo cala hasta los huesos. Notar la brisa fresca y matutina en la cara y c\u00f3mo se despierta cada cent\u00edmetro de mi piel. Ver c\u00f3mo planean los p\u00e1jaros a merced del viento. Escuchar atenta c\u00f3mo me regalan versos de poes\u00eda para el alma. Versos silenciosos del alba. [&hellip;]<\/p>\n","protected":false},"author":3,"featured_media":0,"comment_status":"closed","ping_status":"closed","sticky":false,"template":"","format":"standard","meta":{"footnotes":""},"categories":[53],"tags":[],"class_list":["post-2551","post","type-post","status-publish","format-standard","hentry","category-sin-categoria-es"],"yoast_head":"<!-- This site is optimized with the Yoast SEO plugin v27.2 - https:\/\/yoast.com\/product\/yoast-seo-wordpress\/ -->\n<title>Despertar - Neus Estrada<\/title>\n<meta name=\"robots\" content=\"index, follow, max-snippet:-1, max-image-preview:large, max-video-preview:-1\" \/>\n<link rel=\"canonical\" href=\"https:\/\/neusestrada.com\/es\/despertar\/\" \/>\n<meta property=\"og:locale\" content=\"es_ES\" \/>\n<meta property=\"og:type\" content=\"article\" \/>\n<meta property=\"og:title\" content=\"Despertar - Neus Estrada\" \/>\n<meta property=\"og:description\" content=\"Contemplar c\u00f3mo nace el d\u00eda. Sentir c\u00f3mo el fr\u00edo cala hasta los huesos. Notar la brisa fresca y matutina en la cara y c\u00f3mo se despierta cada cent\u00edmetro de mi piel. Ver c\u00f3mo planean los p\u00e1jaros a merced del viento. Escuchar atenta c\u00f3mo me regalan versos de poes\u00eda para el alma. Versos silenciosos del alba. [&hellip;]\" \/>\n<meta property=\"og:url\" content=\"https:\/\/neusestrada.com\/es\/despertar\/\" \/>\n<meta property=\"og:site_name\" content=\"Neus Estrada\" \/>\n<meta property=\"article:published_time\" content=\"2015-03-19T20:36:12+00:00\" \/>\n<meta name=\"author\" content=\"Neus\" \/>\n<meta name=\"twitter:card\" content=\"summary_large_image\" \/>\n<meta name=\"twitter:label1\" content=\"Escrito por\" \/>\n\t<meta name=\"twitter:data1\" content=\"Neus\" \/>\n\t<meta name=\"twitter:label2\" content=\"Tiempo de lectura\" \/>\n\t<meta name=\"twitter:data2\" content=\"1 minuto\" \/>\n<script type=\"application\/ld+json\" class=\"yoast-schema-graph\">{\"@context\":\"https:\/\/schema.org\",\"@graph\":[{\"@type\":\"Article\",\"@id\":\"https:\/\/neusestrada.com\/es\/despertar\/#article\",\"isPartOf\":{\"@id\":\"https:\/\/neusestrada.com\/es\/despertar\/\"},\"author\":{\"name\":\"Neus\",\"@id\":\"https:\/\/neusestrada.com\/es\/#\/schema\/person\/d377cb36586c29e7b0109edd483eee07\"},\"headline\":\"Despertar\",\"datePublished\":\"2015-03-19T20:36:12+00:00\",\"mainEntityOfPage\":{\"@id\":\"https:\/\/neusestrada.com\/es\/despertar\/\"},\"wordCount\":147,\"publisher\":{\"@id\":\"https:\/\/neusestrada.com\/es\/#organization\"},\"inLanguage\":\"es\"},{\"@type\":\"WebPage\",\"@id\":\"https:\/\/neusestrada.com\/es\/despertar\/\",\"url\":\"https:\/\/neusestrada.com\/es\/despertar\/\",\"name\":\"Despertar - Neus Estrada\",\"isPartOf\":{\"@id\":\"https:\/\/neusestrada.com\/es\/#website\"},\"datePublished\":\"2015-03-19T20:36:12+00:00\",\"breadcrumb\":{\"@id\":\"https:\/\/neusestrada.com\/es\/despertar\/#breadcrumb\"},\"inLanguage\":\"es\",\"potentialAction\":[{\"@type\":\"ReadAction\",\"target\":[\"https:\/\/neusestrada.com\/es\/despertar\/\"]}]},{\"@type\":\"BreadcrumbList\",\"@id\":\"https:\/\/neusestrada.com\/es\/despertar\/#breadcrumb\",\"itemListElement\":[{\"@type\":\"ListItem\",\"position\":1,\"name\":\"Inici\",\"item\":\"https:\/\/neusestrada.com\/es\/home\/\"},{\"@type\":\"ListItem\",\"position\":2,\"name\":\"Despertar\"}]},{\"@type\":\"WebSite\",\"@id\":\"https:\/\/neusestrada.com\/es\/#website\",\"url\":\"https:\/\/neusestrada.com\/es\/\",\"name\":\"Neus Estrada\",\"description\":\"Psicologia en femen\u00ed\",\"publisher\":{\"@id\":\"https:\/\/neusestrada.com\/es\/#organization\"},\"potentialAction\":[{\"@type\":\"SearchAction\",\"target\":{\"@type\":\"EntryPoint\",\"urlTemplate\":\"https:\/\/neusestrada.com\/es\/?s={search_term_string}\"},\"query-input\":{\"@type\":\"PropertyValueSpecification\",\"valueRequired\":true,\"valueName\":\"search_term_string\"}}],\"inLanguage\":\"es\"},{\"@type\":\"Organization\",\"@id\":\"https:\/\/neusestrada.com\/es\/#organization\",\"name\":\"Neus Estrada\",\"url\":\"https:\/\/neusestrada.com\/es\/\",\"logo\":{\"@type\":\"ImageObject\",\"inLanguage\":\"es\",\"@id\":\"https:\/\/neusestrada.com\/es\/#\/schema\/logo\/image\/\",\"url\":\"https:\/\/neusestrada.com\/wp-content\/uploads\/2024\/01\/Logo.svg\",\"contentUrl\":\"https:\/\/neusestrada.com\/wp-content\/uploads\/2024\/01\/Logo.svg\",\"width\":140,\"height\":74,\"caption\":\"Neus Estrada\"},\"image\":{\"@id\":\"https:\/\/neusestrada.com\/es\/#\/schema\/logo\/image\/\"}},{\"@type\":\"Person\",\"@id\":\"https:\/\/neusestrada.com\/es\/#\/schema\/person\/d377cb36586c29e7b0109edd483eee07\",\"name\":\"Neus\",\"image\":{\"@type\":\"ImageObject\",\"inLanguage\":\"es\",\"@id\":\"https:\/\/secure.gravatar.com\/avatar\/3ce27c47c893a390959cb99e7fa891586c1d31a9e8d27df842704e80af5ec380?s=96&d=mm&r=g\",\"url\":\"https:\/\/secure.gravatar.com\/avatar\/3ce27c47c893a390959cb99e7fa891586c1d31a9e8d27df842704e80af5ec380?s=96&d=mm&r=g\",\"contentUrl\":\"https:\/\/secure.gravatar.com\/avatar\/3ce27c47c893a390959cb99e7fa891586c1d31a9e8d27df842704e80af5ec380?s=96&d=mm&r=g\",\"caption\":\"Neus\"},\"url\":\"https:\/\/neusestrada.com\/es\/author\/neus\/\"}]}<\/script>\n<!-- \/ Yoast SEO plugin. -->","yoast_head_json":{"title":"Despertar - Neus Estrada","robots":{"index":"index","follow":"follow","max-snippet":"max-snippet:-1","max-image-preview":"max-image-preview:large","max-video-preview":"max-video-preview:-1"},"canonical":"https:\/\/neusestrada.com\/es\/despertar\/","og_locale":"es_ES","og_type":"article","og_title":"Despertar - Neus Estrada","og_description":"Contemplar c\u00f3mo nace el d\u00eda. Sentir c\u00f3mo el fr\u00edo cala hasta los huesos. Notar la brisa fresca y matutina en la cara y c\u00f3mo se despierta cada cent\u00edmetro de mi piel. Ver c\u00f3mo planean los p\u00e1jaros a merced del viento. Escuchar atenta c\u00f3mo me regalan versos de poes\u00eda para el alma. Versos silenciosos del alba. [&hellip;]","og_url":"https:\/\/neusestrada.com\/es\/despertar\/","og_site_name":"Neus Estrada","article_published_time":"2015-03-19T20:36:12+00:00","author":"Neus","twitter_card":"summary_large_image","twitter_misc":{"Escrito por":"Neus","Tiempo de lectura":"1 minuto"},"schema":{"@context":"https:\/\/schema.org","@graph":[{"@type":"Article","@id":"https:\/\/neusestrada.com\/es\/despertar\/#article","isPartOf":{"@id":"https:\/\/neusestrada.com\/es\/despertar\/"},"author":{"name":"Neus","@id":"https:\/\/neusestrada.com\/es\/#\/schema\/person\/d377cb36586c29e7b0109edd483eee07"},"headline":"Despertar","datePublished":"2015-03-19T20:36:12+00:00","mainEntityOfPage":{"@id":"https:\/\/neusestrada.com\/es\/despertar\/"},"wordCount":147,"publisher":{"@id":"https:\/\/neusestrada.com\/es\/#organization"},"inLanguage":"es"},{"@type":"WebPage","@id":"https:\/\/neusestrada.com\/es\/despertar\/","url":"https:\/\/neusestrada.com\/es\/despertar\/","name":"Despertar - Neus Estrada","isPartOf":{"@id":"https:\/\/neusestrada.com\/es\/#website"},"datePublished":"2015-03-19T20:36:12+00:00","breadcrumb":{"@id":"https:\/\/neusestrada.com\/es\/despertar\/#breadcrumb"},"inLanguage":"es","potentialAction":[{"@type":"ReadAction","target":["https:\/\/neusestrada.com\/es\/despertar\/"]}]},{"@type":"BreadcrumbList","@id":"https:\/\/neusestrada.com\/es\/despertar\/#breadcrumb","itemListElement":[{"@type":"ListItem","position":1,"name":"Inici","item":"https:\/\/neusestrada.com\/es\/home\/"},{"@type":"ListItem","position":2,"name":"Despertar"}]},{"@type":"WebSite","@id":"https:\/\/neusestrada.com\/es\/#website","url":"https:\/\/neusestrada.com\/es\/","name":"Neus Estrada","description":"Psicologia en femen\u00ed","publisher":{"@id":"https:\/\/neusestrada.com\/es\/#organization"},"potentialAction":[{"@type":"SearchAction","target":{"@type":"EntryPoint","urlTemplate":"https:\/\/neusestrada.com\/es\/?s={search_term_string}"},"query-input":{"@type":"PropertyValueSpecification","valueRequired":true,"valueName":"search_term_string"}}],"inLanguage":"es"},{"@type":"Organization","@id":"https:\/\/neusestrada.com\/es\/#organization","name":"Neus Estrada","url":"https:\/\/neusestrada.com\/es\/","logo":{"@type":"ImageObject","inLanguage":"es","@id":"https:\/\/neusestrada.com\/es\/#\/schema\/logo\/image\/","url":"https:\/\/neusestrada.com\/wp-content\/uploads\/2024\/01\/Logo.svg","contentUrl":"https:\/\/neusestrada.com\/wp-content\/uploads\/2024\/01\/Logo.svg","width":140,"height":74,"caption":"Neus Estrada"},"image":{"@id":"https:\/\/neusestrada.com\/es\/#\/schema\/logo\/image\/"}},{"@type":"Person","@id":"https:\/\/neusestrada.com\/es\/#\/schema\/person\/d377cb36586c29e7b0109edd483eee07","name":"Neus","image":{"@type":"ImageObject","inLanguage":"es","@id":"https:\/\/secure.gravatar.com\/avatar\/3ce27c47c893a390959cb99e7fa891586c1d31a9e8d27df842704e80af5ec380?s=96&d=mm&r=g","url":"https:\/\/secure.gravatar.com\/avatar\/3ce27c47c893a390959cb99e7fa891586c1d31a9e8d27df842704e80af5ec380?s=96&d=mm&r=g","contentUrl":"https:\/\/secure.gravatar.com\/avatar\/3ce27c47c893a390959cb99e7fa891586c1d31a9e8d27df842704e80af5ec380?s=96&d=mm&r=g","caption":"Neus"},"url":"https:\/\/neusestrada.com\/es\/author\/neus\/"}]}},"_links":{"self":[{"href":"https:\/\/neusestrada.com\/es\/wp-json\/wp\/v2\/posts\/2551","targetHints":{"allow":["GET"]}}],"collection":[{"href":"https:\/\/neusestrada.com\/es\/wp-json\/wp\/v2\/posts"}],"about":[{"href":"https:\/\/neusestrada.com\/es\/wp-json\/wp\/v2\/types\/post"}],"author":[{"embeddable":true,"href":"https:\/\/neusestrada.com\/es\/wp-json\/wp\/v2\/users\/3"}],"replies":[{"embeddable":true,"href":"https:\/\/neusestrada.com\/es\/wp-json\/wp\/v2\/comments?post=2551"}],"version-history":[{"count":0,"href":"https:\/\/neusestrada.com\/es\/wp-json\/wp\/v2\/posts\/2551\/revisions"}],"wp:attachment":[{"href":"https:\/\/neusestrada.com\/es\/wp-json\/wp\/v2\/media?parent=2551"}],"wp:term":[{"taxonomy":"category","embeddable":true,"href":"https:\/\/neusestrada.com\/es\/wp-json\/wp\/v2\/categories?post=2551"},{"taxonomy":"post_tag","embeddable":true,"href":"https:\/\/neusestrada.com\/es\/wp-json\/wp\/v2\/tags?post=2551"}],"curies":[{"name":"wp","href":"https:\/\/api.w.org\/{rel}","templated":true}]}}